
{"id":9641,"date":"2020-10-30T12:29:00","date_gmt":"2020-10-30T11:29:00","guid":{"rendered":"https:\/\/macel-plin.hr\/?p=4687"},"modified":"2025-05-22T12:23:12","modified_gmt":"2025-05-22T10:23:12","slug":"krajem-listopada-pustena-u-rad-mrs-magadenovac","status":"publish","type":"post","link":"https:\/\/pfc.hr\/hr\/krajem-listopada-pustena-u-rad-mrs-magadenovac\/","title":{"rendered":"MRS Magadenovac pu\u0161tena u rad krajem listopada"},"content":{"rendered":"\r\n<p><strong>Investitor:<\/strong> PLINACRO d.o.o., Savska cesta 88A, 10 000 Zagreb<\/p>\r\n\r\n\r\n\r\n<p><strong>Predmet Ugovora:<\/strong> Izrada, pu\u0161tanje u rad i odr\u017eavanje tipskih kontejnerskih MRS 1 x 400 m4\/h, 50 bar (za lokacije \u010ca\u0111avica, Hampovica, Gola i Molve selo) i tipske kontejnerske MRS 2 x 4000 m3\/h, 50 bar (za lokaciju Sira\u010d)<\/p>\r\n\r\n\r\n\r\n<p><strong>Pu\u0161ten u pogon:<\/strong> 29.10.2020.<\/p>\r\n\r\n\r\n\r\n<p><strong>Lokacija projekta:<\/strong> MAGADENOVAC, OP\u0106INA MAGADENOVAC, Osje\u010dko-Baranjska \u017eupanija, Republika Hrvatska<\/p>\r\n\r\n\r\n\r\n<p>Isporu\u010dena 2X4000 m3\/h MJERNO-REDUKCIJSKA STANICA MAGADENOVAC kpl, kom 1 sa svom pripadaju\u0107om opremom: cjevni materijal, kuglaste slavine 2\u201c- 6\u201c, filter-izmijenjiva\u010di topline, regulacijska oprema (regulator-monitor-blokada), mjerila protoka (rotacijski klipovi i turbinsko), korektor volumena, oprema za kotlovnicu. Izrada, zavarivanje, ispitivanje cjevovoda te monta\u017ea sklopa mjerno-redukcijske stanice i kotlovnice.<\/p>\r\n\r\n\r\n\r\n<p><em>MRS Magadenovac &#8211; slike sa lokacije ugradnje <\/em><\/p>\r\n\r\n\r\n\r\n<figure class=\"wp-block-gallery columns-3 is-cropped wp-block-gallery-1 is-layout-flex wp-block-gallery-is-layout-flex\">\r\n<ul class=\"blocks-gallery-grid\">\r\n<li class=\"blocks-gallery-item\">\r\n<figure><img decoding=\"async\" class=\"wp-image-4751\" src=\"https:\/\/macel-plin.hr\/wp-content\/uploads\/sites\/7\/2020\/11\/mrs-magadenovac-1.jpg\" alt=\"\" data-id=\"4751\" data-full-url=\"https:\/\/macel-plin.hr\/wp-content\/uploads\/sites\/7\/2020\/11\/mrs-magadenovac-1.jpg\" data-link=\"https:\/\/macel-plin.hr\/hr\/2020\/11\/17\/krajem-listopada-pustena-u-rad-mrs-magadenovac\/mrs-magadenovac-1\/#main\" \/><\/figure>\r\n<\/li>\r\n<li class=\"blocks-gallery-item\">\r\n<figure><img decoding=\"async\" class=\"wp-image-4755\" src=\"https:\/\/macel-plin.hr\/wp-content\/uploads\/sites\/7\/2020\/11\/mrs-magadenovac-2.jpg\" alt=\"\" data-id=\"4755\" data-full-url=\"https:\/\/macel-plin.hr\/wp-content\/uploads\/sites\/7\/2020\/11\/mrs-magadenovac-2.jpg\" data-link=\"https:\/\/macel-plin.hr\/hr\/2020\/11\/17\/krajem-listopada-pustena-u-rad-mrs-magadenovac\/mrs-magadenovac-2\/#main\" \/><\/figure>\r\n<\/li>\r\n<li class=\"blocks-gallery-item\">\r\n<figure><img decoding=\"async\" class=\"wp-image-4759\" src=\"https:\/\/macel-plin.hr\/wp-content\/uploads\/sites\/7\/2020\/11\/MRs-magadenovac-1067x800.jpg\" alt=\"\" data-id=\"4759\" data-full-url=\"https:\/\/macel-plin.hr\/wp-content\/uploads\/sites\/7\/2020\/11\/MRs-magadenovac.jpg\" data-link=\"https:\/\/macel-plin.hr\/hr\/2020\/11\/17\/krajem-listopada-pustena-u-rad-mrs-magadenovac\/mrs-magadenovac\/#main\" \/><\/figure>\r\n<\/li>\r\n<\/ul>\r\n<\/figure>\r\n\r\n\r\n\r\n<p>&nbsp;<\/p>\r\n","protected":false},"excerpt":{"rendered":"<p>Investitor: PLINACRO d.o.o., Savska cesta 88A, 10 000 Zagreb Predmet Ugovora: Izrada, pu\u0161tanje u rad i odr\u017eavanje tipskih kontejnerskih MRS 1 x 400 m4\/h, 50 bar (za lokacije \u010ca\u0111avica, Hampovica, Gola i Molve selo) i tipske kontejnerske MRS 2 x 4000 m3\/h, 50 bar (za lokaciju Sira\u010d) Pu\u0161ten u pogon: 29.10.2020. Lokacija projekta: MAGADENOVAC, OP\u0106INA [&#8230;]\n","protected":false},"author":3,"featured_media":17365,"comment_status":"closed","ping_status":"closed","sticky":false,"template":"","format":"standard","meta":{"footnotes":""},"categories":[37],"tags":[],"class_list":["post-9641","post","type-post","status-publish","format-standard","has-post-thumbnail","hentry","category-vijesti"],"yoast_head":"<!-- This site is optimized with the Yoast SEO plugin v27.3 - https:\/\/yoast.com\/product\/yoast-seo-wordpress\/ -->\n<title>MRS Magadenovac pu\u0161tena u rad krajem listopada - PFC<\/title>\n<meta name=\"description\" content=\"Kona\u010dno pu\u0161tanje u rad mjerno-redukcijske stanice Magadenovac 2020. godine u Osje\u010dko-baranjskoj \u017eupaniji, Hrvatska.\" \/>\n<meta name=\"robots\" content=\"index, follow, max-snippet:-1, max-image-preview:large, max-video-preview:-1\" \/>\n<link rel=\"canonical\" href=\"https:\/\/pfc.hr\/hr\/krajem-listopada-pustena-u-rad-mrs-magadenovac\/\" \/>\n<meta property=\"og:locale\" content=\"hr_HR\" \/>\n<meta property=\"og:type\" content=\"article\" \/>\n<meta property=\"og:title\" content=\"MRS Magadenovac pu\u0161tena u rad krajem listopada - PFC\" \/>\n<meta property=\"og:description\" content=\"Kona\u010dno pu\u0161tanje u rad mjerno-redukcijske stanice Magadenovac 2020. godine u Osje\u010dko-baranjskoj \u017eupaniji, Hrvatska.\" \/>\n<meta property=\"og:url\" content=\"https:\/\/pfc.hr\/hr\/krajem-listopada-pustena-u-rad-mrs-magadenovac\/\" \/>\n<meta property=\"og:site_name\" content=\"PFC\" \/>\n<meta property=\"article:published_time\" content=\"2020-10-30T11:29:00+00:00\" \/>\n<meta property=\"article:modified_time\" content=\"2025-05-22T10:23:12+00:00\" \/>\n<meta property=\"og:image\" content=\"https:\/\/pfc.hr\/wp-content\/uploads\/2020\/10\/MRS-Magadenovac-na-skladistu-Macel-Plina.jpg\" \/>\n\t<meta property=\"og:image:width\" content=\"2560\" \/>\n\t<meta property=\"og:image:height\" content=\"1440\" \/>\n\t<meta property=\"og:image:type\" content=\"image\/jpeg\" \/>\n<meta name=\"author\" content=\"monozinic\" \/>\n<meta name=\"twitter:card\" content=\"summary_large_image\" \/>\n<meta name=\"twitter:label1\" content=\"Napisao\/la\" \/>\n\t<meta name=\"twitter:data1\" content=\"monozinic\" \/>\n\t<meta name=\"twitter:label2\" content=\"Procijenjeno vrijeme \u010ditanja\" \/>\n\t<meta name=\"twitter:data2\" content=\"2 minute\" \/>\n<script type=\"application\/ld+json\" class=\"yoast-schema-graph\">{\"@context\":\"https:\\\/\\\/schema.org\",\"@graph\":[{\"@type\":\"Article\",\"@id\":\"https:\\\/\\\/pfc.hr\\\/hr\\\/krajem-listopada-pustena-u-rad-mrs-magadenovac\\\/#article\",\"isPartOf\":{\"@id\":\"https:\\\/\\\/pfc.hr\\\/hr\\\/krajem-listopada-pustena-u-rad-mrs-magadenovac\\\/\"},\"author\":{\"name\":\"monozinic\",\"@id\":\"https:\\\/\\\/pfc.hr\\\/hr\\\/#\\\/schema\\\/person\\\/a3639941e0d68d67bf142a564e3315fb\"},\"headline\":\"MRS Magadenovac pu\u0161tena u rad krajem listopada\",\"datePublished\":\"2020-10-30T11:29:00+00:00\",\"dateModified\":\"2025-05-22T10:23:12+00:00\",\"mainEntityOfPage\":{\"@id\":\"https:\\\/\\\/pfc.hr\\\/hr\\\/krajem-listopada-pustena-u-rad-mrs-magadenovac\\\/\"},\"wordCount\":126,\"publisher\":{\"@id\":\"https:\\\/\\\/pfc.hr\\\/hr\\\/#organization\"},\"image\":{\"@id\":\"https:\\\/\\\/pfc.hr\\\/hr\\\/krajem-listopada-pustena-u-rad-mrs-magadenovac\\\/#primaryimage\"},\"thumbnailUrl\":\"https:\\\/\\\/pfc.hr\\\/wp-content\\\/uploads\\\/2020\\\/10\\\/MRS-Magadenovac-na-skladistu-Macel-Plina.jpg\",\"articleSection\":[\"Vijesti\"],\"inLanguage\":\"hr\"},{\"@type\":\"WebPage\",\"@id\":\"https:\\\/\\\/pfc.hr\\\/hr\\\/krajem-listopada-pustena-u-rad-mrs-magadenovac\\\/\",\"url\":\"https:\\\/\\\/pfc.hr\\\/hr\\\/krajem-listopada-pustena-u-rad-mrs-magadenovac\\\/\",\"name\":\"MRS Magadenovac pu\u0161tena u rad krajem listopada - PFC\",\"isPartOf\":{\"@id\":\"https:\\\/\\\/pfc.hr\\\/hr\\\/#website\"},\"primaryImageOfPage\":{\"@id\":\"https:\\\/\\\/pfc.hr\\\/hr\\\/krajem-listopada-pustena-u-rad-mrs-magadenovac\\\/#primaryimage\"},\"image\":{\"@id\":\"https:\\\/\\\/pfc.hr\\\/hr\\\/krajem-listopada-pustena-u-rad-mrs-magadenovac\\\/#primaryimage\"},\"thumbnailUrl\":\"https:\\\/\\\/pfc.hr\\\/wp-content\\\/uploads\\\/2020\\\/10\\\/MRS-Magadenovac-na-skladistu-Macel-Plina.jpg\",\"datePublished\":\"2020-10-30T11:29:00+00:00\",\"dateModified\":\"2025-05-22T10:23:12+00:00\",\"description\":\"Kona\u010dno pu\u0161tanje u rad mjerno-redukcijske stanice Magadenovac 2020. godine u Osje\u010dko-baranjskoj \u017eupaniji, Hrvatska.\",\"breadcrumb\":{\"@id\":\"https:\\\/\\\/pfc.hr\\\/hr\\\/krajem-listopada-pustena-u-rad-mrs-magadenovac\\\/#breadcrumb\"},\"inLanguage\":\"hr\",\"potentialAction\":[{\"@type\":\"ReadAction\",\"target\":[\"https:\\\/\\\/pfc.hr\\\/hr\\\/krajem-listopada-pustena-u-rad-mrs-magadenovac\\\/\"]}]},{\"@type\":\"ImageObject\",\"inLanguage\":\"hr\",\"@id\":\"https:\\\/\\\/pfc.hr\\\/hr\\\/krajem-listopada-pustena-u-rad-mrs-magadenovac\\\/#primaryimage\",\"url\":\"https:\\\/\\\/pfc.hr\\\/wp-content\\\/uploads\\\/2020\\\/10\\\/MRS-Magadenovac-na-skladistu-Macel-Plina.jpg\",\"contentUrl\":\"https:\\\/\\\/pfc.hr\\\/wp-content\\\/uploads\\\/2020\\\/10\\\/MRS-Magadenovac-na-skladistu-Macel-Plina.jpg\",\"width\":2560,\"height\":1440,\"caption\":\"mjerno-redukcijska stanica\"},{\"@type\":\"BreadcrumbList\",\"@id\":\"https:\\\/\\\/pfc.hr\\\/hr\\\/krajem-listopada-pustena-u-rad-mrs-magadenovac\\\/#breadcrumb\",\"itemListElement\":[{\"@type\":\"ListItem\",\"position\":1,\"name\":\"Home\",\"item\":\"https:\\\/\\\/pfc.hr\\\/hr\\\/pico-flow-controls\\\/\"},{\"@type\":\"ListItem\",\"position\":2,\"name\":\"MRS Magadenovac pu\u0161tena u rad krajem listopada\"}]},{\"@type\":\"WebSite\",\"@id\":\"https:\\\/\\\/pfc.hr\\\/hr\\\/#website\",\"url\":\"https:\\\/\\\/pfc.hr\\\/hr\\\/\",\"name\":\"PFC\",\"description\":\"\",\"publisher\":{\"@id\":\"https:\\\/\\\/pfc.hr\\\/hr\\\/#organization\"},\"potentialAction\":[{\"@type\":\"SearchAction\",\"target\":{\"@type\":\"EntryPoint\",\"urlTemplate\":\"https:\\\/\\\/pfc.hr\\\/hr\\\/?s={search_term_string}\"},\"query-input\":{\"@type\":\"PropertyValueSpecification\",\"valueRequired\":true,\"valueName\":\"search_term_string\"}}],\"inLanguage\":\"hr\"},{\"@type\":\"Organization\",\"@id\":\"https:\\\/\\\/pfc.hr\\\/hr\\\/#organization\",\"name\":\"Pico Flow Controls\",\"url\":\"https:\\\/\\\/pfc.hr\\\/hr\\\/\",\"logo\":{\"@type\":\"ImageObject\",\"inLanguage\":\"hr\",\"@id\":\"https:\\\/\\\/pfc.hr\\\/hr\\\/#\\\/schema\\\/logo\\\/image\\\/\",\"url\":\"https:\\\/\\\/pfc.hr\\\/wp-content\\\/uploads\\\/2024\\\/10\\\/PFC_Main_Logo.png\",\"contentUrl\":\"https:\\\/\\\/pfc.hr\\\/wp-content\\\/uploads\\\/2024\\\/10\\\/PFC_Main_Logo.png\",\"width\":3920,\"height\":1140,\"caption\":\"Pico Flow Controls\"},\"image\":{\"@id\":\"https:\\\/\\\/pfc.hr\\\/hr\\\/#\\\/schema\\\/logo\\\/image\\\/\"}},{\"@type\":\"Person\",\"@id\":\"https:\\\/\\\/pfc.hr\\\/hr\\\/#\\\/schema\\\/person\\\/a3639941e0d68d67bf142a564e3315fb\",\"name\":\"monozinic\",\"image\":{\"@type\":\"ImageObject\",\"inLanguage\":\"hr\",\"@id\":\"https:\\\/\\\/secure.gravatar.com\\\/avatar\\\/11237ed603a51f3247970de2799bc59663c19e1f53cfbdfdad9f92731b7d4cf4?s=96&d=mm&r=g\",\"url\":\"https:\\\/\\\/secure.gravatar.com\\\/avatar\\\/11237ed603a51f3247970de2799bc59663c19e1f53cfbdfdad9f92731b7d4cf4?s=96&d=mm&r=g\",\"contentUrl\":\"https:\\\/\\\/secure.gravatar.com\\\/avatar\\\/11237ed603a51f3247970de2799bc59663c19e1f53cfbdfdad9f92731b7d4cf4?s=96&d=mm&r=g\",\"caption\":\"monozinic\"},\"url\":\"https:\\\/\\\/pfc.hr\\\/hr\\\/author\\\/monozinic\\\/\"}]}<\/script>\n<!-- \/ Yoast SEO plugin. -->","yoast_head_json":{"title":"MRS Magadenovac pu\u0161tena u rad krajem listopada - PFC","description":"Kona\u010dno pu\u0161tanje u rad mjerno-redukcijske stanice Magadenovac 2020. godine u Osje\u010dko-baranjskoj \u017eupaniji, Hrvatska.","robots":{"index":"index","follow":"follow","max-snippet":"max-snippet:-1","max-image-preview":"max-image-preview:large","max-video-preview":"max-video-preview:-1"},"canonical":"https:\/\/pfc.hr\/hr\/krajem-listopada-pustena-u-rad-mrs-magadenovac\/","og_locale":"hr_HR","og_type":"article","og_title":"MRS Magadenovac pu\u0161tena u rad krajem listopada - PFC","og_description":"Kona\u010dno pu\u0161tanje u rad mjerno-redukcijske stanice Magadenovac 2020. godine u Osje\u010dko-baranjskoj \u017eupaniji, Hrvatska.","og_url":"https:\/\/pfc.hr\/hr\/krajem-listopada-pustena-u-rad-mrs-magadenovac\/","og_site_name":"PFC","article_published_time":"2020-10-30T11:29:00+00:00","article_modified_time":"2025-05-22T10:23:12+00:00","og_image":[{"width":2560,"height":1440,"url":"https:\/\/pfc.hr\/wp-content\/uploads\/2020\/10\/MRS-Magadenovac-na-skladistu-Macel-Plina.jpg","type":"image\/jpeg"}],"author":"monozinic","twitter_card":"summary_large_image","twitter_misc":{"Napisao\/la":"monozinic","Procijenjeno vrijeme \u010ditanja":"2 minute"},"schema":{"@context":"https:\/\/schema.org","@graph":[{"@type":"Article","@id":"https:\/\/pfc.hr\/hr\/krajem-listopada-pustena-u-rad-mrs-magadenovac\/#article","isPartOf":{"@id":"https:\/\/pfc.hr\/hr\/krajem-listopada-pustena-u-rad-mrs-magadenovac\/"},"author":{"name":"monozinic","@id":"https:\/\/pfc.hr\/hr\/#\/schema\/person\/a3639941e0d68d67bf142a564e3315fb"},"headline":"MRS Magadenovac pu\u0161tena u rad krajem listopada","datePublished":"2020-10-30T11:29:00+00:00","dateModified":"2025-05-22T10:23:12+00:00","mainEntityOfPage":{"@id":"https:\/\/pfc.hr\/hr\/krajem-listopada-pustena-u-rad-mrs-magadenovac\/"},"wordCount":126,"publisher":{"@id":"https:\/\/pfc.hr\/hr\/#organization"},"image":{"@id":"https:\/\/pfc.hr\/hr\/krajem-listopada-pustena-u-rad-mrs-magadenovac\/#primaryimage"},"thumbnailUrl":"https:\/\/pfc.hr\/wp-content\/uploads\/2020\/10\/MRS-Magadenovac-na-skladistu-Macel-Plina.jpg","articleSection":["Vijesti"],"inLanguage":"hr"},{"@type":"WebPage","@id":"https:\/\/pfc.hr\/hr\/krajem-listopada-pustena-u-rad-mrs-magadenovac\/","url":"https:\/\/pfc.hr\/hr\/krajem-listopada-pustena-u-rad-mrs-magadenovac\/","name":"MRS Magadenovac pu\u0161tena u rad krajem listopada - PFC","isPartOf":{"@id":"https:\/\/pfc.hr\/hr\/#website"},"primaryImageOfPage":{"@id":"https:\/\/pfc.hr\/hr\/krajem-listopada-pustena-u-rad-mrs-magadenovac\/#primaryimage"},"image":{"@id":"https:\/\/pfc.hr\/hr\/krajem-listopada-pustena-u-rad-mrs-magadenovac\/#primaryimage"},"thumbnailUrl":"https:\/\/pfc.hr\/wp-content\/uploads\/2020\/10\/MRS-Magadenovac-na-skladistu-Macel-Plina.jpg","datePublished":"2020-10-30T11:29:00+00:00","dateModified":"2025-05-22T10:23:12+00:00","description":"Kona\u010dno pu\u0161tanje u rad mjerno-redukcijske stanice Magadenovac 2020. godine u Osje\u010dko-baranjskoj \u017eupaniji, Hrvatska.","breadcrumb":{"@id":"https:\/\/pfc.hr\/hr\/krajem-listopada-pustena-u-rad-mrs-magadenovac\/#breadcrumb"},"inLanguage":"hr","potentialAction":[{"@type":"ReadAction","target":["https:\/\/pfc.hr\/hr\/krajem-listopada-pustena-u-rad-mrs-magadenovac\/"]}]},{"@type":"ImageObject","inLanguage":"hr","@id":"https:\/\/pfc.hr\/hr\/krajem-listopada-pustena-u-rad-mrs-magadenovac\/#primaryimage","url":"https:\/\/pfc.hr\/wp-content\/uploads\/2020\/10\/MRS-Magadenovac-na-skladistu-Macel-Plina.jpg","contentUrl":"https:\/\/pfc.hr\/wp-content\/uploads\/2020\/10\/MRS-Magadenovac-na-skladistu-Macel-Plina.jpg","width":2560,"height":1440,"caption":"mjerno-redukcijska stanica"},{"@type":"BreadcrumbList","@id":"https:\/\/pfc.hr\/hr\/krajem-listopada-pustena-u-rad-mrs-magadenovac\/#breadcrumb","itemListElement":[{"@type":"ListItem","position":1,"name":"Home","item":"https:\/\/pfc.hr\/hr\/pico-flow-controls\/"},{"@type":"ListItem","position":2,"name":"MRS Magadenovac pu\u0161tena u rad krajem listopada"}]},{"@type":"WebSite","@id":"https:\/\/pfc.hr\/hr\/#website","url":"https:\/\/pfc.hr\/hr\/","name":"PFC","description":"","publisher":{"@id":"https:\/\/pfc.hr\/hr\/#organization"},"potentialAction":[{"@type":"SearchAction","target":{"@type":"EntryPoint","urlTemplate":"https:\/\/pfc.hr\/hr\/?s={search_term_string}"},"query-input":{"@type":"PropertyValueSpecification","valueRequired":true,"valueName":"search_term_string"}}],"inLanguage":"hr"},{"@type":"Organization","@id":"https:\/\/pfc.hr\/hr\/#organization","name":"Pico Flow Controls","url":"https:\/\/pfc.hr\/hr\/","logo":{"@type":"ImageObject","inLanguage":"hr","@id":"https:\/\/pfc.hr\/hr\/#\/schema\/logo\/image\/","url":"https:\/\/pfc.hr\/wp-content\/uploads\/2024\/10\/PFC_Main_Logo.png","contentUrl":"https:\/\/pfc.hr\/wp-content\/uploads\/2024\/10\/PFC_Main_Logo.png","width":3920,"height":1140,"caption":"Pico Flow Controls"},"image":{"@id":"https:\/\/pfc.hr\/hr\/#\/schema\/logo\/image\/"}},{"@type":"Person","@id":"https:\/\/pfc.hr\/hr\/#\/schema\/person\/a3639941e0d68d67bf142a564e3315fb","name":"monozinic","image":{"@type":"ImageObject","inLanguage":"hr","@id":"https:\/\/secure.gravatar.com\/avatar\/11237ed603a51f3247970de2799bc59663c19e1f53cfbdfdad9f92731b7d4cf4?s=96&d=mm&r=g","url":"https:\/\/secure.gravatar.com\/avatar\/11237ed603a51f3247970de2799bc59663c19e1f53cfbdfdad9f92731b7d4cf4?s=96&d=mm&r=g","contentUrl":"https:\/\/secure.gravatar.com\/avatar\/11237ed603a51f3247970de2799bc59663c19e1f53cfbdfdad9f92731b7d4cf4?s=96&d=mm&r=g","caption":"monozinic"},"url":"https:\/\/pfc.hr\/hr\/author\/monozinic\/"}]}},"_links":{"self":[{"href":"https:\/\/pfc.hr\/hr\/wp-json\/wp\/v2\/posts\/9641","targetHints":{"allow":["GET"]}}],"collection":[{"href":"https:\/\/pfc.hr\/hr\/wp-json\/wp\/v2\/posts"}],"about":[{"href":"https:\/\/pfc.hr\/hr\/wp-json\/wp\/v2\/types\/post"}],"author":[{"embeddable":true,"href":"https:\/\/pfc.hr\/hr\/wp-json\/wp\/v2\/users\/3"}],"replies":[{"embeddable":true,"href":"https:\/\/pfc.hr\/hr\/wp-json\/wp\/v2\/comments?post=9641"}],"version-history":[{"count":1,"href":"https:\/\/pfc.hr\/hr\/wp-json\/wp\/v2\/posts\/9641\/revisions"}],"predecessor-version":[{"id":9771,"href":"https:\/\/pfc.hr\/hr\/wp-json\/wp\/v2\/posts\/9641\/revisions\/9771"}],"wp:featuredmedia":[{"embeddable":true,"href":"https:\/\/pfc.hr\/hr\/wp-json\/wp\/v2\/media\/17365"}],"wp:attachment":[{"href":"https:\/\/pfc.hr\/hr\/wp-json\/wp\/v2\/media?parent=9641"}],"wp:term":[{"taxonomy":"category","embeddable":true,"href":"https:\/\/pfc.hr\/hr\/wp-json\/wp\/v2\/categories?post=9641"},{"taxonomy":"post_tag","embeddable":true,"href":"https:\/\/pfc.hr\/hr\/wp-json\/wp\/v2\/tags?post=9641"}],"curies":[{"name":"wp","href":"https:\/\/api.w.org\/{rel}","templated":true}]}}