
{"id":9640,"date":"2020-09-29T08:39:46","date_gmt":"2020-09-29T06:39:46","guid":{"rendered":"https:\/\/macel.asynclabs.co\/2020\/09\/29\/feromihin-je-dobio-sufinanciranje-iz-projekta-s3\/"},"modified":"2026-02-23T10:08:09","modified_gmt":"2026-02-23T09:08:09","slug":"proizvodno-poslovna-gradevina-macel-plin-1100m2","status":"publish","type":"post","link":"https:\/\/pfc.hr\/hr\/proizvodno-poslovna-gradevina-macel-plin-1100m2\/","title":{"rendered":"Proizvodno poslovna gra\u0111evina Macel Plin (1100m2)"},"content":{"rendered":"\r\n<p>Izgradnja ove gra\u0111evine zapo\u010dela je u rujnu ove godine. U gra\u0111evini je planirana kao osnovna djelatnost proizvodnja MRS &#8211; mjernih redukcijskih stanica za potrebe distributera plina na podru\u010dju Republike Hrvatske i proizvodnja punionica\/stanica stla\u010denog prirodnog plina &#8211; CNG, monta\u017ea opreme i monta\u017ea elektroopreme, te prate\u0107i administrativni prostori i prate\u0107i prostori koji su u funkciji navedene namjene. <\/p>\r\n\r\n\r\n\r\n<p> Zgrada je organizirana na dvije cjeline: proizvodni prostor zgrade \u2013 hala (jednoeta\u017eni dio gra\u0111evine), te administrativni i prate\u0107i prostori (troeta\u017eni dio gra\u0111evine). Izgradnjom ove zgrade pove\u0107ava se kapacitet investitora za 1100m2 proizvodnog i administrativnog prostora.<\/p>\r\n","protected":false},"excerpt":{"rendered":"<p>Izgradnja ove gra\u0111evine zapo\u010dela je u rujnu ove godine. U gra\u0111evini je planirana kao osnovna djelatnost proizvodnja MRS &#8211; mjernih redukcijskih stanica za potrebe distributera plina na podru\u010dju Republike Hrvatske i proizvodnja punionica\/stanica stla\u010denog prirodnog plina &#8211; CNG, monta\u017ea opreme i monta\u017ea elektroopreme, te prate\u0107i administrativni prostori i prate\u0107i prostori koji su u funkciji navedene [&#8230;]\n","protected":false},"author":3,"featured_media":17370,"comment_status":"closed","ping_status":"closed","sticky":false,"template":"","format":"standard","meta":{"footnotes":""},"categories":[208,37],"tags":[],"class_list":["post-9640","post","type-post","status-publish","format-standard","has-post-thumbnail","hentry","category-arhiva","category-vijesti"],"yoast_head":"<!-- This site is optimized with the Yoast SEO plugin v27.3 - https:\/\/yoast.com\/product\/yoast-seo-wordpress\/ -->\n<title>Proizvodno poslovna gra\u0111evina Macel Plin (1100m2) - PFC<\/title>\n<meta name=\"description\" content=\"Proizvodni pogon Macel Plin pro\u0161iruje kapacitete za 1100 \u010detvornih metara kombiniranog proizvodnog i administrativnog prostora.\" \/>\n<meta name=\"robots\" content=\"index, follow, max-snippet:-1, max-image-preview:large, max-video-preview:-1\" \/>\n<link rel=\"canonical\" href=\"https:\/\/pfc.hr\/hr\/proizvodno-poslovna-gradevina-macel-plin-1100m2\/\" \/>\n<meta property=\"og:locale\" content=\"hr_HR\" \/>\n<meta property=\"og:type\" content=\"article\" \/>\n<meta property=\"og:title\" content=\"Proizvodno poslovna gra\u0111evina Macel Plin (1100m2) - PFC\" \/>\n<meta property=\"og:description\" content=\"Proizvodni pogon Macel Plin pro\u0161iruje kapacitete za 1100 \u010detvornih metara kombiniranog proizvodnog i administrativnog prostora.\" \/>\n<meta property=\"og:url\" content=\"https:\/\/pfc.hr\/hr\/proizvodno-poslovna-gradevina-macel-plin-1100m2\/\" \/>\n<meta property=\"og:site_name\" content=\"PFC\" \/>\n<meta property=\"article:published_time\" content=\"2020-09-29T06:39:46+00:00\" \/>\n<meta property=\"article:modified_time\" content=\"2026-02-23T09:08:09+00:00\" \/>\n<meta property=\"og:image\" content=\"https:\/\/pfc.hr\/wp-content\/uploads\/2020\/09\/hala-Macel-plin-1.jpg\" \/>\n\t<meta property=\"og:image:width\" content=\"1200\" \/>\n\t<meta property=\"og:image:height\" content=\"795\" \/>\n\t<meta property=\"og:image:type\" content=\"image\/jpeg\" \/>\n<meta name=\"author\" content=\"monozinic\" \/>\n<meta name=\"twitter:card\" content=\"summary_large_image\" \/>\n<meta name=\"twitter:label1\" content=\"Napisao\/la\" \/>\n\t<meta name=\"twitter:data1\" content=\"monozinic\" \/>\n\t<meta name=\"twitter:label2\" content=\"Procijenjeno vrijeme \u010ditanja\" \/>\n\t<meta name=\"twitter:data2\" content=\"1 minuta\" \/>\n<script type=\"application\/ld+json\" class=\"yoast-schema-graph\">{\"@context\":\"https:\\\/\\\/schema.org\",\"@graph\":[{\"@type\":\"Article\",\"@id\":\"https:\\\/\\\/pfc.hr\\\/hr\\\/proizvodno-poslovna-gradevina-macel-plin-1100m2\\\/#article\",\"isPartOf\":{\"@id\":\"https:\\\/\\\/pfc.hr\\\/hr\\\/proizvodno-poslovna-gradevina-macel-plin-1100m2\\\/\"},\"author\":{\"name\":\"monozinic\",\"@id\":\"https:\\\/\\\/pfc.hr\\\/hr\\\/#\\\/schema\\\/person\\\/a3639941e0d68d67bf142a564e3315fb\"},\"headline\":\"Proizvodno poslovna gra\u0111evina Macel Plin (1100m2)\",\"datePublished\":\"2020-09-29T06:39:46+00:00\",\"dateModified\":\"2026-02-23T09:08:09+00:00\",\"mainEntityOfPage\":{\"@id\":\"https:\\\/\\\/pfc.hr\\\/hr\\\/proizvodno-poslovna-gradevina-macel-plin-1100m2\\\/\"},\"wordCount\":113,\"publisher\":{\"@id\":\"https:\\\/\\\/pfc.hr\\\/hr\\\/#organization\"},\"image\":{\"@id\":\"https:\\\/\\\/pfc.hr\\\/hr\\\/proizvodno-poslovna-gradevina-macel-plin-1100m2\\\/#primaryimage\"},\"thumbnailUrl\":\"https:\\\/\\\/pfc.hr\\\/wp-content\\\/uploads\\\/2020\\\/09\\\/hala-Macel-plin-1.jpg\",\"articleSection\":[\"Arhiva\",\"Vijesti\"],\"inLanguage\":\"hr\"},{\"@type\":\"WebPage\",\"@id\":\"https:\\\/\\\/pfc.hr\\\/hr\\\/proizvodno-poslovna-gradevina-macel-plin-1100m2\\\/\",\"url\":\"https:\\\/\\\/pfc.hr\\\/hr\\\/proizvodno-poslovna-gradevina-macel-plin-1100m2\\\/\",\"name\":\"Proizvodno poslovna gra\u0111evina Macel Plin (1100m2) - PFC\",\"isPartOf\":{\"@id\":\"https:\\\/\\\/pfc.hr\\\/hr\\\/#website\"},\"primaryImageOfPage\":{\"@id\":\"https:\\\/\\\/pfc.hr\\\/hr\\\/proizvodno-poslovna-gradevina-macel-plin-1100m2\\\/#primaryimage\"},\"image\":{\"@id\":\"https:\\\/\\\/pfc.hr\\\/hr\\\/proizvodno-poslovna-gradevina-macel-plin-1100m2\\\/#primaryimage\"},\"thumbnailUrl\":\"https:\\\/\\\/pfc.hr\\\/wp-content\\\/uploads\\\/2020\\\/09\\\/hala-Macel-plin-1.jpg\",\"datePublished\":\"2020-09-29T06:39:46+00:00\",\"dateModified\":\"2026-02-23T09:08:09+00:00\",\"description\":\"Proizvodni pogon Macel Plin pro\u0161iruje kapacitete za 1100 \u010detvornih metara kombiniranog proizvodnog i administrativnog prostora.\",\"breadcrumb\":{\"@id\":\"https:\\\/\\\/pfc.hr\\\/hr\\\/proizvodno-poslovna-gradevina-macel-plin-1100m2\\\/#breadcrumb\"},\"inLanguage\":\"hr\",\"potentialAction\":[{\"@type\":\"ReadAction\",\"target\":[\"https:\\\/\\\/pfc.hr\\\/hr\\\/proizvodno-poslovna-gradevina-macel-plin-1100m2\\\/\"]}]},{\"@type\":\"ImageObject\",\"inLanguage\":\"hr\",\"@id\":\"https:\\\/\\\/pfc.hr\\\/hr\\\/proizvodno-poslovna-gradevina-macel-plin-1100m2\\\/#primaryimage\",\"url\":\"https:\\\/\\\/pfc.hr\\\/wp-content\\\/uploads\\\/2020\\\/09\\\/hala-Macel-plin-1.jpg\",\"contentUrl\":\"https:\\\/\\\/pfc.hr\\\/wp-content\\\/uploads\\\/2020\\\/09\\\/hala-Macel-plin-1.jpg\",\"width\":1200,\"height\":795,\"caption\":\"macel plin proizvodnja\"},{\"@type\":\"BreadcrumbList\",\"@id\":\"https:\\\/\\\/pfc.hr\\\/hr\\\/proizvodno-poslovna-gradevina-macel-plin-1100m2\\\/#breadcrumb\",\"itemListElement\":[{\"@type\":\"ListItem\",\"position\":1,\"name\":\"Home\",\"item\":\"https:\\\/\\\/pfc.hr\\\/hr\\\/pico-flow-controls\\\/\"},{\"@type\":\"ListItem\",\"position\":2,\"name\":\"Proizvodno poslovna gra\u0111evina Macel Plin (1100m2)\"}]},{\"@type\":\"WebSite\",\"@id\":\"https:\\\/\\\/pfc.hr\\\/hr\\\/#website\",\"url\":\"https:\\\/\\\/pfc.hr\\\/hr\\\/\",\"name\":\"PFC\",\"description\":\"\",\"publisher\":{\"@id\":\"https:\\\/\\\/pfc.hr\\\/hr\\\/#organization\"},\"potentialAction\":[{\"@type\":\"SearchAction\",\"target\":{\"@type\":\"EntryPoint\",\"urlTemplate\":\"https:\\\/\\\/pfc.hr\\\/hr\\\/?s={search_term_string}\"},\"query-input\":{\"@type\":\"PropertyValueSpecification\",\"valueRequired\":true,\"valueName\":\"search_term_string\"}}],\"inLanguage\":\"hr\"},{\"@type\":\"Organization\",\"@id\":\"https:\\\/\\\/pfc.hr\\\/hr\\\/#organization\",\"name\":\"Pico Flow Controls\",\"url\":\"https:\\\/\\\/pfc.hr\\\/hr\\\/\",\"logo\":{\"@type\":\"ImageObject\",\"inLanguage\":\"hr\",\"@id\":\"https:\\\/\\\/pfc.hr\\\/hr\\\/#\\\/schema\\\/logo\\\/image\\\/\",\"url\":\"https:\\\/\\\/pfc.hr\\\/wp-content\\\/uploads\\\/2024\\\/10\\\/PFC_Main_Logo.png\",\"contentUrl\":\"https:\\\/\\\/pfc.hr\\\/wp-content\\\/uploads\\\/2024\\\/10\\\/PFC_Main_Logo.png\",\"width\":3920,\"height\":1140,\"caption\":\"Pico Flow Controls\"},\"image\":{\"@id\":\"https:\\\/\\\/pfc.hr\\\/hr\\\/#\\\/schema\\\/logo\\\/image\\\/\"}},{\"@type\":\"Person\",\"@id\":\"https:\\\/\\\/pfc.hr\\\/hr\\\/#\\\/schema\\\/person\\\/a3639941e0d68d67bf142a564e3315fb\",\"name\":\"monozinic\",\"image\":{\"@type\":\"ImageObject\",\"inLanguage\":\"hr\",\"@id\":\"https:\\\/\\\/secure.gravatar.com\\\/avatar\\\/11237ed603a51f3247970de2799bc59663c19e1f53cfbdfdad9f92731b7d4cf4?s=96&d=mm&r=g\",\"url\":\"https:\\\/\\\/secure.gravatar.com\\\/avatar\\\/11237ed603a51f3247970de2799bc59663c19e1f53cfbdfdad9f92731b7d4cf4?s=96&d=mm&r=g\",\"contentUrl\":\"https:\\\/\\\/secure.gravatar.com\\\/avatar\\\/11237ed603a51f3247970de2799bc59663c19e1f53cfbdfdad9f92731b7d4cf4?s=96&d=mm&r=g\",\"caption\":\"monozinic\"},\"url\":\"https:\\\/\\\/pfc.hr\\\/hr\\\/author\\\/monozinic\\\/\"}]}<\/script>\n<!-- \/ Yoast SEO plugin. -->","yoast_head_json":{"title":"Proizvodno poslovna gra\u0111evina Macel Plin (1100m2) - PFC","description":"Proizvodni pogon Macel Plin pro\u0161iruje kapacitete za 1100 \u010detvornih metara kombiniranog proizvodnog i administrativnog prostora.","robots":{"index":"index","follow":"follow","max-snippet":"max-snippet:-1","max-image-preview":"max-image-preview:large","max-video-preview":"max-video-preview:-1"},"canonical":"https:\/\/pfc.hr\/hr\/proizvodno-poslovna-gradevina-macel-plin-1100m2\/","og_locale":"hr_HR","og_type":"article","og_title":"Proizvodno poslovna gra\u0111evina Macel Plin (1100m2) - PFC","og_description":"Proizvodni pogon Macel Plin pro\u0161iruje kapacitete za 1100 \u010detvornih metara kombiniranog proizvodnog i administrativnog prostora.","og_url":"https:\/\/pfc.hr\/hr\/proizvodno-poslovna-gradevina-macel-plin-1100m2\/","og_site_name":"PFC","article_published_time":"2020-09-29T06:39:46+00:00","article_modified_time":"2026-02-23T09:08:09+00:00","og_image":[{"width":1200,"height":795,"url":"https:\/\/pfc.hr\/wp-content\/uploads\/2020\/09\/hala-Macel-plin-1.jpg","type":"image\/jpeg"}],"author":"monozinic","twitter_card":"summary_large_image","twitter_misc":{"Napisao\/la":"monozinic","Procijenjeno vrijeme \u010ditanja":"1 minuta"},"schema":{"@context":"https:\/\/schema.org","@graph":[{"@type":"Article","@id":"https:\/\/pfc.hr\/hr\/proizvodno-poslovna-gradevina-macel-plin-1100m2\/#article","isPartOf":{"@id":"https:\/\/pfc.hr\/hr\/proizvodno-poslovna-gradevina-macel-plin-1100m2\/"},"author":{"name":"monozinic","@id":"https:\/\/pfc.hr\/hr\/#\/schema\/person\/a3639941e0d68d67bf142a564e3315fb"},"headline":"Proizvodno poslovna gra\u0111evina Macel Plin (1100m2)","datePublished":"2020-09-29T06:39:46+00:00","dateModified":"2026-02-23T09:08:09+00:00","mainEntityOfPage":{"@id":"https:\/\/pfc.hr\/hr\/proizvodno-poslovna-gradevina-macel-plin-1100m2\/"},"wordCount":113,"publisher":{"@id":"https:\/\/pfc.hr\/hr\/#organization"},"image":{"@id":"https:\/\/pfc.hr\/hr\/proizvodno-poslovna-gradevina-macel-plin-1100m2\/#primaryimage"},"thumbnailUrl":"https:\/\/pfc.hr\/wp-content\/uploads\/2020\/09\/hala-Macel-plin-1.jpg","articleSection":["Arhiva","Vijesti"],"inLanguage":"hr"},{"@type":"WebPage","@id":"https:\/\/pfc.hr\/hr\/proizvodno-poslovna-gradevina-macel-plin-1100m2\/","url":"https:\/\/pfc.hr\/hr\/proizvodno-poslovna-gradevina-macel-plin-1100m2\/","name":"Proizvodno poslovna gra\u0111evina Macel Plin (1100m2) - PFC","isPartOf":{"@id":"https:\/\/pfc.hr\/hr\/#website"},"primaryImageOfPage":{"@id":"https:\/\/pfc.hr\/hr\/proizvodno-poslovna-gradevina-macel-plin-1100m2\/#primaryimage"},"image":{"@id":"https:\/\/pfc.hr\/hr\/proizvodno-poslovna-gradevina-macel-plin-1100m2\/#primaryimage"},"thumbnailUrl":"https:\/\/pfc.hr\/wp-content\/uploads\/2020\/09\/hala-Macel-plin-1.jpg","datePublished":"2020-09-29T06:39:46+00:00","dateModified":"2026-02-23T09:08:09+00:00","description":"Proizvodni pogon Macel Plin pro\u0161iruje kapacitete za 1100 \u010detvornih metara kombiniranog proizvodnog i administrativnog prostora.","breadcrumb":{"@id":"https:\/\/pfc.hr\/hr\/proizvodno-poslovna-gradevina-macel-plin-1100m2\/#breadcrumb"},"inLanguage":"hr","potentialAction":[{"@type":"ReadAction","target":["https:\/\/pfc.hr\/hr\/proizvodno-poslovna-gradevina-macel-plin-1100m2\/"]}]},{"@type":"ImageObject","inLanguage":"hr","@id":"https:\/\/pfc.hr\/hr\/proizvodno-poslovna-gradevina-macel-plin-1100m2\/#primaryimage","url":"https:\/\/pfc.hr\/wp-content\/uploads\/2020\/09\/hala-Macel-plin-1.jpg","contentUrl":"https:\/\/pfc.hr\/wp-content\/uploads\/2020\/09\/hala-Macel-plin-1.jpg","width":1200,"height":795,"caption":"macel plin proizvodnja"},{"@type":"BreadcrumbList","@id":"https:\/\/pfc.hr\/hr\/proizvodno-poslovna-gradevina-macel-plin-1100m2\/#breadcrumb","itemListElement":[{"@type":"ListItem","position":1,"name":"Home","item":"https:\/\/pfc.hr\/hr\/pico-flow-controls\/"},{"@type":"ListItem","position":2,"name":"Proizvodno poslovna gra\u0111evina Macel Plin (1100m2)"}]},{"@type":"WebSite","@id":"https:\/\/pfc.hr\/hr\/#website","url":"https:\/\/pfc.hr\/hr\/","name":"PFC","description":"","publisher":{"@id":"https:\/\/pfc.hr\/hr\/#organization"},"potentialAction":[{"@type":"SearchAction","target":{"@type":"EntryPoint","urlTemplate":"https:\/\/pfc.hr\/hr\/?s={search_term_string}"},"query-input":{"@type":"PropertyValueSpecification","valueRequired":true,"valueName":"search_term_string"}}],"inLanguage":"hr"},{"@type":"Organization","@id":"https:\/\/pfc.hr\/hr\/#organization","name":"Pico Flow Controls","url":"https:\/\/pfc.hr\/hr\/","logo":{"@type":"ImageObject","inLanguage":"hr","@id":"https:\/\/pfc.hr\/hr\/#\/schema\/logo\/image\/","url":"https:\/\/pfc.hr\/wp-content\/uploads\/2024\/10\/PFC_Main_Logo.png","contentUrl":"https:\/\/pfc.hr\/wp-content\/uploads\/2024\/10\/PFC_Main_Logo.png","width":3920,"height":1140,"caption":"Pico Flow Controls"},"image":{"@id":"https:\/\/pfc.hr\/hr\/#\/schema\/logo\/image\/"}},{"@type":"Person","@id":"https:\/\/pfc.hr\/hr\/#\/schema\/person\/a3639941e0d68d67bf142a564e3315fb","name":"monozinic","image":{"@type":"ImageObject","inLanguage":"hr","@id":"https:\/\/secure.gravatar.com\/avatar\/11237ed603a51f3247970de2799bc59663c19e1f53cfbdfdad9f92731b7d4cf4?s=96&d=mm&r=g","url":"https:\/\/secure.gravatar.com\/avatar\/11237ed603a51f3247970de2799bc59663c19e1f53cfbdfdad9f92731b7d4cf4?s=96&d=mm&r=g","contentUrl":"https:\/\/secure.gravatar.com\/avatar\/11237ed603a51f3247970de2799bc59663c19e1f53cfbdfdad9f92731b7d4cf4?s=96&d=mm&r=g","caption":"monozinic"},"url":"https:\/\/pfc.hr\/hr\/author\/monozinic\/"}]}},"_links":{"self":[{"href":"https:\/\/pfc.hr\/hr\/wp-json\/wp\/v2\/posts\/9640","targetHints":{"allow":["GET"]}}],"collection":[{"href":"https:\/\/pfc.hr\/hr\/wp-json\/wp\/v2\/posts"}],"about":[{"href":"https:\/\/pfc.hr\/hr\/wp-json\/wp\/v2\/types\/post"}],"author":[{"embeddable":true,"href":"https:\/\/pfc.hr\/hr\/wp-json\/wp\/v2\/users\/3"}],"replies":[{"embeddable":true,"href":"https:\/\/pfc.hr\/hr\/wp-json\/wp\/v2\/comments?post=9640"}],"version-history":[{"count":2,"href":"https:\/\/pfc.hr\/hr\/wp-json\/wp\/v2\/posts\/9640\/revisions"}],"predecessor-version":[{"id":18051,"href":"https:\/\/pfc.hr\/hr\/wp-json\/wp\/v2\/posts\/9640\/revisions\/18051"}],"wp:featuredmedia":[{"embeddable":true,"href":"https:\/\/pfc.hr\/hr\/wp-json\/wp\/v2\/media\/17370"}],"wp:attachment":[{"href":"https:\/\/pfc.hr\/hr\/wp-json\/wp\/v2\/media?parent=9640"}],"wp:term":[{"taxonomy":"category","embeddable":true,"href":"https:\/\/pfc.hr\/hr\/wp-json\/wp\/v2\/categories?post=9640"},{"taxonomy":"post_tag","embeddable":true,"href":"https:\/\/pfc.hr\/hr\/wp-json\/wp\/v2\/tags?post=9640"}],"curies":[{"name":"wp","href":"https:\/\/api.w.org\/{rel}","templated":true}]}}