
{"id":7798,"date":"2024-05-02T09:25:53","date_gmt":"2024-05-02T07:25:53","guid":{"rendered":"https:\/\/macel-plin.hr\/?p=7798"},"modified":"2026-02-23T10:07:56","modified_gmt":"2026-02-23T09:07:56","slug":"macel-plin-na-39-medunarodnom-znanstveno-strucnom-susretu-strucnjaka-za-plin-u-opatiji","status":"publish","type":"post","link":"https:\/\/pfc.hr\/hr\/macel-plin-na-39-medunarodnom-znanstveno-strucnom-susretu-strucnjaka-za-plin-u-opatiji\/","title":{"rendered":"Macel Plin na 39. Me\u0111unarodnom znanstveno-stru\u010dnom susretu stru\u010dnjaka za plin u Opatiji"},"content":{"rendered":"<p><span style=\"font-weight: 400;\">U Kongresnom centru Grand Hotela Adriatic u Opatiji, od <\/span><b>8. do 10. svibnja 2024.<\/b><span style=\"font-weight: 400;\">, odr\u017eat \u0107e se Me\u0111unarodni znanstveno-stru\u010dni susret stru\u010dnjaka za plin. Doga\u0111aj organizira Hrvatska stru\u010dna udruga za plin (HSUP), \u010dlanica Me\u0111unarodne plinske unije (IGU) i Centra za plin Hrvatske te je <\/span><b>najve\u0107a plinska konferencija<\/b><span style=\"font-weight: 400;\"> u srednjoj i jugoisto\u010dnoj Europi.<\/span><\/p>\n<p><span style=\"font-weight: 400;\">Ovogodi\u0161nja konferencija okupit \u0107e vi\u0161e od 500 stru\u010dnjaka za plin i energetiku iz vi\u0161e od 20 zemalja, a me\u0111u njima \u0107e biti 50 uglednih predava\u010da i 30 izlaga\u010da.<\/span><\/p>\n<p><span style=\"font-weight: 400;\">U sklopu doga\u0111aja, tvrtka Macel Plin d.o.o. predstavit \u0107e svoja rje\u0161enja i usluge te sudjelovati na dva okrugla stola u sklopu kojega \u0107e predavanja odr\u017eati <strong>Hrvoje Rukavina<\/strong> i <strong>Jan Sietsma<\/strong> i pru\u017eiti vrijedne uvide u relevantne teme predavanja.<\/span><\/p>\n<p><span style=\"font-weight: 400;\">Stru\u010dnjaci \u0107e se tijekom konferencije baviti razli\u010ditim temama povezanim s <a href=\"https:\/\/macel-plin.hr\/hr\/2024\/02\/19\/sto-sve-trebate-znati-o-prirodnom-plinu\/\" target=\"_blank\" rel=\"noopener\">prirodnim plinom<\/a>, uklju\u010duju\u0107i ukapljeni prirodni plin (UPP), niskouglji\u010dna rje\u0161enja te sudjelovati u interaktivnim panel-diskusijama i najnovijim temama u podru\u010dju plinskog gospodarstva i energetike.<\/span><\/p>\n<p><span style=\"font-weight: 400;\">Konferencija \u0107e obuhvatiti i okrugle stolove o <strong>tr\u017ei\u0161nim kretanjima<\/strong> prirodnog plina i budu\u0107nosti energetskog sustava s niskim udjelom ugljika, u kojoj \u0107e vode\u0107i stru\u010dnjaci iz hrvatskih plinskih kompanija dati odgovore na aktualna pitanja.<\/span><\/p>\n<h2><span style=\"font-weight: 400;\">Proizvodi tvrtke Macel Plin\u00a0<\/span><\/h2>\n<h3><span style=\"font-weight: 400;\">PLEXOR\u00ae\u00a0<\/span><\/h3>\n<p><span style=\"font-weight: 400;\">Funkcionalnost glavnih komponenti stanice za regulaciju tlaka pa\u017eljivo se testira pomo\u0107u prijenosnog ure\u0111aja PLEXOR\u00ae koji je jednostavan za rukovanje. Spajanje PLEXOR\u00ae ure\u0111aja na stanicu za regulaciju tlaka ostvaruje se pomo\u0107u posebno projektiranih, sistemskih spojnica koje su trajno ugra\u0111ene u stanice za regulaciju tlaka (BMA05, BMA06 i BDA06 za PN100. BMA04, BMA10 i BDA10 za PN16).<\/span><\/p>\n<p><span style=\"font-weight: 400;\">Glavna zna\u010dajka sustava inspekcije PLEXOR je njegova sposobnost zna\u010dajnog <strong>smanjenja emisija metana<\/strong> tijekom funkcionalne inspekcije i odr\u017eavanja regulacijskih stanica tlaka plina.<\/span><\/p>\n<h3><span style=\"font-weight: 400;\">KPPP: Kompresorska jedinica za prepumpavanje prirodnog plina<\/span><\/h3>\n<p><span style=\"font-weight: 400;\">Kompresorska jedinica <strong>prenosi prirodni plin<\/strong> iz plinovoda i sprje\u010dava njegovo ispu\u0161tanje u atmosferu tijekom odr\u017eavanja, popravaka ili gra\u0111evinskih radova. Umjesto toga, plin preusmjerava u isti ili susjedni plinovod, \u010dime se \u010duva okoli\u0161.<\/span><\/p>\n<p><span style=\"font-weight: 400;\">Ovaj potpuno integrirani sustav na te\u0161kom \u010deli\u010dnom nosa\u010du, fiksiranom na poluprikolici, predstavlja najsuvremenije rje\u0161enje za rukovanje prirodnim plinom. Njegov plug-and-play dizajn i napredni sustav povrata plina pobolj\u0161avaju radnu u\u010dinkovitost i postavljaju novi standard za ekolo\u0161ki odgovornu industrijsku praksu.<\/span><\/p>\n<h3><span style=\"font-weight: 400;\">Baloniranje\u00a0<\/span><\/h3>\n<p><span style=\"font-weight: 400;\">Radovi na plinovodu bez prekida opskrbe izvode se postupkom baloniranja. U sklopu baloniranja obavljaju se radovi <\/span><b>hot tappinga<\/b><span style=\"font-weight: 400;\"> i izrade <\/span><b>by-pass<\/b><span style=\"font-weight: 400;\"> linije za protok plina.<\/span><\/p>\n<p>&nbsp;<\/p>\n<h2><span style=\"font-weight: 400;\">Okrugli stolovi<\/span><\/h2>\n<p><b>Tema 1:<\/b><span style=\"font-weight: 400;\"> Prepumpavanje prirodnog plina mobilnim postrojenjem za prepumpavanje<\/span><\/p>\n<p><b>Datum: <\/b><span style=\"font-weight: 400;\">8. 5. 2024., 17:18h<\/span><\/p>\n<p><b>Prezenter:<\/b><span style=\"font-weight: 400;\"> Hrvoje Rukavina<\/span><\/p>\n<p>&nbsp;<\/p>\n<p><b>Tema 2:<\/b><span style=\"font-weight: 400;\"> Smanjenje emisija metana tijekom funkcionalnog pregleda plinskotla\u010dnih regulacijskih stanica<\/span><\/p>\n<p><b>Datum: <\/b><span style=\"font-weight: 400;\">9. 5. 2024., 17:06h<\/span><\/p>\n<p><b>Prezenter:<\/b><span style=\"font-weight: 400;\"> Jan Sietsma<\/span><\/p>\n<p>&nbsp;<\/p>\n<h2><span style=\"font-weight: 400;\">Kako se pridru\u017eiti?<\/span><\/h2>\n<p><span style=\"font-weight: 400;\"> <img decoding=\"async\" class=\"emoji\" role=\"img\" src=\"https:\/\/s.w.org\/images\/core\/emoji\/15.0.3\/svg\/1f4cc.svg\" alt=\"\ud83d\udccc\" \/> <\/span><b>Lokacija<\/b><span style=\"font-weight: 400;\">: Opatija, Hrvatska<\/span><\/p>\n<p><span style=\"font-weight: 400;\"> <img decoding=\"async\" class=\"emoji\" role=\"img\" src=\"https:\/\/s.w.org\/images\/core\/emoji\/15.0.3\/svg\/1f3e0.svg\" alt=\"\ud83c\udfe0\" \/> <\/span><b>Mjesto odr\u017eavanja<\/b><span style=\"font-weight: 400;\">: Kongresni centar Grand Hotel Adriatic<\/span><\/p>\n<p><span style=\"font-weight: 400;\"> <img decoding=\"async\" class=\"emoji\" role=\"img\" src=\"https:\/\/s.w.org\/images\/core\/emoji\/15.0.3\/svg\/1f4c5.svg\" alt=\"\ud83d\udcc5\" \/> <\/span><b>Datum<\/b><span style=\"font-weight: 400;\">: srijeda, 8. svibnja \u2013 petak, 10. svibnja<\/span><\/p>\n<p><b> <strong><span data-preserver-spaces=\"true\"><img decoding=\"async\" class=\"emoji\" role=\"img\" src=\"https:\/\/s.w.org\/images\/core\/emoji\/15.0.3\/svg\/27a1.svg\" alt=\"\u27a1\ufe0f\" \/> <\/span><\/strong>Broj \u0161tanda:<\/b><span style=\"font-weight: 400;\"> 19<\/span><\/p>\n<p><span style=\"font-weight: 400;\">Detaljan program za stru\u010dni susret stru\u010dnjaka za plin preuzmite na <\/span><a href=\"https:\/\/susret.hsup.hr\/\" target=\"_blank\" rel=\"noopener\"><span style=\"font-weight: 400;\">slu\u017ebenoj web stranici<\/span><\/a><span style=\"font-weight: 400;\">, a mi se vidimo u Opatiji od 8.-10. svibnja na \u0161tandu broj 19!\u00a0<\/span><\/p>\n<h3><span style=\"font-weight: 400;\">Upoznajte na\u0161e prezentere<\/span><\/h3>\n<div class=\"is-divider divider clearfix\" style=\"max-width:100%;\"><\/div>\n\n\t<section class=\"section\" id=\"section_1791645185\">\n\t\t<div class=\"section-bg fill\" >\n\t\t\t\t\t\t\t\t\t<div class=\"section-bg-overlay absolute fill\"><\/div>\n\t\t\t\n\n\t\t<\/div>\n\n\t\t\n\n\t\t<div class=\"section-content relative\">\n\t\t\t\n<div class=\"row row-large align-middle\"  id=\"row-1499728563\">\n\n\t<div id=\"col-727446651\" class=\"col medium-6 small-12 large-6\"  >\n\t\t\t\t<div class=\"col-inner\"  >\n\t\t\t\n\t\t\t\n\t<div class=\"img has-hover x md-x lg-x y md-y lg-y\" id=\"image_1234827021\">\n\t\t\t\t\t\t\t\t<div class=\"img-inner dark\" style=\"margin:0px 0px 0px 0px;\">\n\t\t\t<img loading=\"lazy\" decoding=\"async\" width=\"680\" height=\"680\" src=\"https:\/\/pfc.hr\/wp-content\/uploads\/2024\/04\/Hrvoje-Rukavina-Macel-Plin.png\" class=\"attachment-large size-large\" alt=\"stru\u010dni susret stru\u010dnjaka za plin, Hrvoje Rukavina\" \/>\t\t\t\t\t\t\n\t\t\t\t\t<\/div>\n\t\t\t\t\t\t\t\t\n<style>\n#image_1234827021 {\n  width: 80%;\n}\n<\/style>\n\t<\/div>\n\t\n\t\t<\/div>\n\t\t\t\t\t<\/div>\n\n\t\n\n\t<div id=\"col-1180223992\" class=\"col medium-6 small-12 large-6\"  >\n\t\t\t\t<div class=\"col-inner text-left\"  >\n\t\t\t\n\t\t\t\n<h2>Hrvoje Rukavina<\/h2>\n<h6>voditelj projekata<\/h6>\n<hr \/>\n<p>Hrvoje je vi\u0161e od 5 godina zaposlen u tvrtki Macel Plin gdje je anga\u017eiran kao Voditelj projekata u naftno-plinskoj industriji. Njegova uloga bila je klju\u010dna u razvoju kompresorske jedinice za prepumpavanje prirodnog plina (KPPP), \u0161to je rezultat rada projektno-razvojnog tima pod njegovim vodstvom.<\/p>\n\t\t<\/div>\n\t\t\t\t\t<\/div>\n\n\t\n<\/div>\n\t\t<\/div>\n\n\t\t\n<style>\n#section_1791645185 {\n  padding-top: 20px;\n  padding-bottom: 20px;\n}\n#section_1791645185 .section-bg-overlay {\n  background-color: rgba(255, 255, 255, 0.85);\n}\n<\/style>\n\t<\/section>\n\t\n<div id=\"meeting\"><\/div>\n<div><\/div>\n<div>\n\n\t<section class=\"section\" id=\"section_847024054\">\n\t\t<div class=\"section-bg fill\" >\n\t\t\t\t\t\t\t\t\t<div class=\"section-bg-overlay absolute fill\"><\/div>\n\t\t\t\n\n\t\t<\/div>\n\n\t\t\n\n\t\t<div class=\"section-content relative\">\n\t\t\t\n<div class=\"row row-large align-middle\"  id=\"row-1818834194\">\n\n\t<div id=\"col-360399484\" class=\"col medium-6 small-12 large-6\"  >\n\t\t\t\t<div class=\"col-inner\"  >\n\t\t\t\n\t\t\t\n\t<div class=\"img has-hover x md-x lg-x y md-y lg-y\" id=\"image_1279466919\">\n\t\t\t\t\t\t\t\t<div class=\"img-inner dark\" style=\"margin:0px 0px 0px 0px;\">\n\t\t\t<img loading=\"lazy\" decoding=\"async\" width=\"681\" height=\"680\" src=\"https:\/\/pfc.hr\/wp-content\/uploads\/2024\/05\/Jan-Sietsma-Macel-Plin-1.png\" class=\"attachment-large size-large\" alt=\"Jan Sietsma, Macel Plin\" \/>\t\t\t\t\t\t\n\t\t\t\t\t<\/div>\n\t\t\t\t\t\t\t\t\n<style>\n#image_1279466919 {\n  width: 80%;\n}\n<\/style>\n\t<\/div>\n\t\n\t\t<\/div>\n\t\t\t\t\t<\/div>\n\n\t\n\n\t<div id=\"col-615184950\" class=\"col medium-6 small-12 large-6\"  >\n\t\t\t\t<div class=\"col-inner text-left\"  >\n\t\t\t\n\t\t\t\n<h2>Jan Sietsma<\/h2>\n<h6>direktor prodaje i marketinga<\/h6>\n<hr \/>\n<p>Jan je direktor me\u0111unarodne prodaje i marketinga u tvrtki Wigersma &amp; Sikkema u Nizozemskoj koja r<span data-preserver-spaces=\"true\">azvija, proizvodi i distribuira inovativne i kvalitetne proizvode za usluge mjerenja, kontrole, ispitivanja i inspekcije. Odgovoran je za proizvodnu liniju regulatora tlaka plina RS350S i inspekcijski sustav PLEXOR.\u00a0<\/span><\/p>\n\t\t<\/div>\n\t\t\t\t\t<\/div>\n\n\t\n<\/div>\n\t\t<\/div>\n\n\t\t\n<style>\n#section_847024054 {\n  padding-top: 20px;\n  padding-bottom: 20px;\n}\n#section_847024054 .section-bg-overlay {\n  background-color: rgba(255, 255, 255, 0.85);\n}\n<\/style>\n\t<\/section>\n\t\n<\/div>\n","protected":false},"excerpt":{"rendered":"<p>U Kongresnom centru Grand Hotela Adriatic u Opatiji, od 8. do 10. svibnja 2024., odr\u017eat \u0107e se Me\u0111unarodni znanstveno-stru\u010dni susret stru\u010dnjaka za plin. Doga\u0111aj organizira Hrvatska stru\u010dna udruga za plin (HSUP), \u010dlanica Me\u0111unarodne plinske unije (IGU) i Centra za plin Hrvatske te je najve\u0107a plinska konferencija u srednjoj i jugoisto\u010dnoj Europi. Ovogodi\u0161nja konferencija okupit \u0107e [&#8230;]\n","protected":false},"author":3,"featured_media":17239,"comment_status":"closed","ping_status":"closed","sticky":false,"template":"","format":"standard","meta":{"footnotes":""},"categories":[208,19],"tags":[],"class_list":["post-7798","post","type-post","status-publish","format-standard","has-post-thumbnail","hentry","category-arhiva","category-nekategorizirano"],"yoast_head":"<!-- This site is optimized with the Yoast SEO plugin v27.3 - https:\/\/yoast.com\/product\/yoast-seo-wordpress\/ -->\n<title>Macel Plin na 39. Me\u0111unarodnom znanstveno-stru\u010dnom susretu stru\u010dnjaka za plin u Opatiji - PFC<\/title>\n<meta name=\"description\" content=\"U Kongresnom centru Grand Hotela Adriatic u Opatiji, od 8.-10. 5., odr\u017eat \u0107e se Me\u0111unarodni znanstveno-stru\u010dni susret stru\u010dnjaka za plin\" \/>\n<meta name=\"robots\" content=\"index, follow, max-snippet:-1, max-image-preview:large, max-video-preview:-1\" \/>\n<link rel=\"canonical\" href=\"https:\/\/pfc.hr\/hr\/macel-plin-na-39-medunarodnom-znanstveno-strucnom-susretu-strucnjaka-za-plin-u-opatiji\/\" \/>\n<meta property=\"og:locale\" content=\"hr_HR\" \/>\n<meta property=\"og:type\" content=\"article\" \/>\n<meta property=\"og:title\" content=\"Macel Plin na 39. Me\u0111unarodnom znanstveno-stru\u010dnom susretu stru\u010dnjaka za plin u Opatiji - PFC\" \/>\n<meta property=\"og:description\" content=\"U Kongresnom centru Grand Hotela Adriatic u Opatiji, od 8.-10. 5., odr\u017eat \u0107e se Me\u0111unarodni znanstveno-stru\u010dni susret stru\u010dnjaka za plin\" \/>\n<meta property=\"og:url\" content=\"https:\/\/pfc.hr\/hr\/macel-plin-na-39-medunarodnom-znanstveno-strucnom-susretu-strucnjaka-za-plin-u-opatiji\/\" \/>\n<meta property=\"og:site_name\" content=\"PFC\" \/>\n<meta property=\"article:published_time\" content=\"2024-05-02T07:25:53+00:00\" \/>\n<meta property=\"article:modified_time\" content=\"2026-02-23T09:07:56+00:00\" \/>\n<meta property=\"og:image\" content=\"https:\/\/pfc.hr\/wp-content\/uploads\/2024\/05\/macel-plin-opatija.png\" \/>\n\t<meta property=\"og:image:width\" content=\"1200\" \/>\n\t<meta property=\"og:image:height\" content=\"800\" \/>\n\t<meta property=\"og:image:type\" content=\"image\/png\" \/>\n<meta name=\"author\" content=\"monozinic\" \/>\n<meta name=\"twitter:card\" content=\"summary_large_image\" \/>\n<meta name=\"twitter:label1\" content=\"Napisao\/la\" \/>\n\t<meta name=\"twitter:data1\" content=\"monozinic\" \/>\n\t<meta name=\"twitter:label2\" content=\"Procijenjeno vrijeme \u010ditanja\" \/>\n\t<meta name=\"twitter:data2\" content=\"4 minute\" \/>\n<script type=\"application\/ld+json\" class=\"yoast-schema-graph\">{\"@context\":\"https:\\\/\\\/schema.org\",\"@graph\":[{\"@type\":\"Article\",\"@id\":\"https:\\\/\\\/pfc.hr\\\/hr\\\/macel-plin-na-39-medunarodnom-znanstveno-strucnom-susretu-strucnjaka-za-plin-u-opatiji\\\/#article\",\"isPartOf\":{\"@id\":\"https:\\\/\\\/pfc.hr\\\/hr\\\/macel-plin-na-39-medunarodnom-znanstveno-strucnom-susretu-strucnjaka-za-plin-u-opatiji\\\/\"},\"author\":{\"name\":\"monozinic\",\"@id\":\"https:\\\/\\\/pfc.hr\\\/hr\\\/#\\\/schema\\\/person\\\/a3639941e0d68d67bf142a564e3315fb\"},\"headline\":\"Macel Plin na 39. Me\u0111unarodnom znanstveno-stru\u010dnom susretu stru\u010dnjaka za plin u Opatiji\",\"datePublished\":\"2024-05-02T07:25:53+00:00\",\"dateModified\":\"2026-02-23T09:07:56+00:00\",\"mainEntityOfPage\":{\"@id\":\"https:\\\/\\\/pfc.hr\\\/hr\\\/macel-plin-na-39-medunarodnom-znanstveno-strucnom-susretu-strucnjaka-za-plin-u-opatiji\\\/\"},\"wordCount\":694,\"publisher\":{\"@id\":\"https:\\\/\\\/pfc.hr\\\/hr\\\/#organization\"},\"image\":{\"@id\":\"https:\\\/\\\/pfc.hr\\\/hr\\\/macel-plin-na-39-medunarodnom-znanstveno-strucnom-susretu-strucnjaka-za-plin-u-opatiji\\\/#primaryimage\"},\"thumbnailUrl\":\"https:\\\/\\\/pfc.hr\\\/wp-content\\\/uploads\\\/2024\\\/05\\\/macel-plin-opatija.png\",\"articleSection\":[\"Arhiva\"],\"inLanguage\":\"hr\"},{\"@type\":\"WebPage\",\"@id\":\"https:\\\/\\\/pfc.hr\\\/hr\\\/macel-plin-na-39-medunarodnom-znanstveno-strucnom-susretu-strucnjaka-za-plin-u-opatiji\\\/\",\"url\":\"https:\\\/\\\/pfc.hr\\\/hr\\\/macel-plin-na-39-medunarodnom-znanstveno-strucnom-susretu-strucnjaka-za-plin-u-opatiji\\\/\",\"name\":\"Macel Plin na 39. Me\u0111unarodnom znanstveno-stru\u010dnom susretu stru\u010dnjaka za plin u Opatiji - PFC\",\"isPartOf\":{\"@id\":\"https:\\\/\\\/pfc.hr\\\/hr\\\/#website\"},\"primaryImageOfPage\":{\"@id\":\"https:\\\/\\\/pfc.hr\\\/hr\\\/macel-plin-na-39-medunarodnom-znanstveno-strucnom-susretu-strucnjaka-za-plin-u-opatiji\\\/#primaryimage\"},\"image\":{\"@id\":\"https:\\\/\\\/pfc.hr\\\/hr\\\/macel-plin-na-39-medunarodnom-znanstveno-strucnom-susretu-strucnjaka-za-plin-u-opatiji\\\/#primaryimage\"},\"thumbnailUrl\":\"https:\\\/\\\/pfc.hr\\\/wp-content\\\/uploads\\\/2024\\\/05\\\/macel-plin-opatija.png\",\"datePublished\":\"2024-05-02T07:25:53+00:00\",\"dateModified\":\"2026-02-23T09:07:56+00:00\",\"description\":\"U Kongresnom centru Grand Hotela Adriatic u Opatiji, od 8.-10. 5., odr\u017eat \u0107e se Me\u0111unarodni znanstveno-stru\u010dni susret stru\u010dnjaka za plin\",\"breadcrumb\":{\"@id\":\"https:\\\/\\\/pfc.hr\\\/hr\\\/macel-plin-na-39-medunarodnom-znanstveno-strucnom-susretu-strucnjaka-za-plin-u-opatiji\\\/#breadcrumb\"},\"inLanguage\":\"hr\",\"potentialAction\":[{\"@type\":\"ReadAction\",\"target\":[\"https:\\\/\\\/pfc.hr\\\/hr\\\/macel-plin-na-39-medunarodnom-znanstveno-strucnom-susretu-strucnjaka-za-plin-u-opatiji\\\/\"]}]},{\"@type\":\"ImageObject\",\"inLanguage\":\"hr\",\"@id\":\"https:\\\/\\\/pfc.hr\\\/hr\\\/macel-plin-na-39-medunarodnom-znanstveno-strucnom-susretu-strucnjaka-za-plin-u-opatiji\\\/#primaryimage\",\"url\":\"https:\\\/\\\/pfc.hr\\\/wp-content\\\/uploads\\\/2024\\\/05\\\/macel-plin-opatija.png\",\"contentUrl\":\"https:\\\/\\\/pfc.hr\\\/wp-content\\\/uploads\\\/2024\\\/05\\\/macel-plin-opatija.png\",\"width\":1200,\"height\":800,\"caption\":\"stru\u010dni susret stru\u010dnjaka za plin\"},{\"@type\":\"BreadcrumbList\",\"@id\":\"https:\\\/\\\/pfc.hr\\\/hr\\\/macel-plin-na-39-medunarodnom-znanstveno-strucnom-susretu-strucnjaka-za-plin-u-opatiji\\\/#breadcrumb\",\"itemListElement\":[{\"@type\":\"ListItem\",\"position\":1,\"name\":\"Home\",\"item\":\"https:\\\/\\\/pfc.hr\\\/hr\\\/pico-flow-controls\\\/\"},{\"@type\":\"ListItem\",\"position\":2,\"name\":\"Macel Plin na 39. Me\u0111unarodnom znanstveno-stru\u010dnom susretu stru\u010dnjaka za plin u Opatiji\"}]},{\"@type\":\"WebSite\",\"@id\":\"https:\\\/\\\/pfc.hr\\\/hr\\\/#website\",\"url\":\"https:\\\/\\\/pfc.hr\\\/hr\\\/\",\"name\":\"PFC\",\"description\":\"\",\"publisher\":{\"@id\":\"https:\\\/\\\/pfc.hr\\\/hr\\\/#organization\"},\"potentialAction\":[{\"@type\":\"SearchAction\",\"target\":{\"@type\":\"EntryPoint\",\"urlTemplate\":\"https:\\\/\\\/pfc.hr\\\/hr\\\/?s={search_term_string}\"},\"query-input\":{\"@type\":\"PropertyValueSpecification\",\"valueRequired\":true,\"valueName\":\"search_term_string\"}}],\"inLanguage\":\"hr\"},{\"@type\":\"Organization\",\"@id\":\"https:\\\/\\\/pfc.hr\\\/hr\\\/#organization\",\"name\":\"Pico Flow Controls\",\"url\":\"https:\\\/\\\/pfc.hr\\\/hr\\\/\",\"logo\":{\"@type\":\"ImageObject\",\"inLanguage\":\"hr\",\"@id\":\"https:\\\/\\\/pfc.hr\\\/hr\\\/#\\\/schema\\\/logo\\\/image\\\/\",\"url\":\"https:\\\/\\\/pfc.hr\\\/wp-content\\\/uploads\\\/2024\\\/10\\\/PFC_Main_Logo.png\",\"contentUrl\":\"https:\\\/\\\/pfc.hr\\\/wp-content\\\/uploads\\\/2024\\\/10\\\/PFC_Main_Logo.png\",\"width\":3920,\"height\":1140,\"caption\":\"Pico Flow Controls\"},\"image\":{\"@id\":\"https:\\\/\\\/pfc.hr\\\/hr\\\/#\\\/schema\\\/logo\\\/image\\\/\"}},{\"@type\":\"Person\",\"@id\":\"https:\\\/\\\/pfc.hr\\\/hr\\\/#\\\/schema\\\/person\\\/a3639941e0d68d67bf142a564e3315fb\",\"name\":\"monozinic\",\"image\":{\"@type\":\"ImageObject\",\"inLanguage\":\"hr\",\"@id\":\"https:\\\/\\\/secure.gravatar.com\\\/avatar\\\/11237ed603a51f3247970de2799bc59663c19e1f53cfbdfdad9f92731b7d4cf4?s=96&d=mm&r=g\",\"url\":\"https:\\\/\\\/secure.gravatar.com\\\/avatar\\\/11237ed603a51f3247970de2799bc59663c19e1f53cfbdfdad9f92731b7d4cf4?s=96&d=mm&r=g\",\"contentUrl\":\"https:\\\/\\\/secure.gravatar.com\\\/avatar\\\/11237ed603a51f3247970de2799bc59663c19e1f53cfbdfdad9f92731b7d4cf4?s=96&d=mm&r=g\",\"caption\":\"monozinic\"},\"url\":\"https:\\\/\\\/pfc.hr\\\/hr\\\/author\\\/monozinic\\\/\"}]}<\/script>\n<!-- \/ Yoast SEO plugin. -->","yoast_head_json":{"title":"Macel Plin na 39. Me\u0111unarodnom znanstveno-stru\u010dnom susretu stru\u010dnjaka za plin u Opatiji - PFC","description":"U Kongresnom centru Grand Hotela Adriatic u Opatiji, od 8.-10. 5., odr\u017eat \u0107e se Me\u0111unarodni znanstveno-stru\u010dni susret stru\u010dnjaka za plin","robots":{"index":"index","follow":"follow","max-snippet":"max-snippet:-1","max-image-preview":"max-image-preview:large","max-video-preview":"max-video-preview:-1"},"canonical":"https:\/\/pfc.hr\/hr\/macel-plin-na-39-medunarodnom-znanstveno-strucnom-susretu-strucnjaka-za-plin-u-opatiji\/","og_locale":"hr_HR","og_type":"article","og_title":"Macel Plin na 39. Me\u0111unarodnom znanstveno-stru\u010dnom susretu stru\u010dnjaka za plin u Opatiji - PFC","og_description":"U Kongresnom centru Grand Hotela Adriatic u Opatiji, od 8.-10. 5., odr\u017eat \u0107e se Me\u0111unarodni znanstveno-stru\u010dni susret stru\u010dnjaka za plin","og_url":"https:\/\/pfc.hr\/hr\/macel-plin-na-39-medunarodnom-znanstveno-strucnom-susretu-strucnjaka-za-plin-u-opatiji\/","og_site_name":"PFC","article_published_time":"2024-05-02T07:25:53+00:00","article_modified_time":"2026-02-23T09:07:56+00:00","og_image":[{"width":1200,"height":800,"url":"https:\/\/pfc.hr\/wp-content\/uploads\/2024\/05\/macel-plin-opatija.png","type":"image\/png"}],"author":"monozinic","twitter_card":"summary_large_image","twitter_misc":{"Napisao\/la":"monozinic","Procijenjeno vrijeme \u010ditanja":"4 minute"},"schema":{"@context":"https:\/\/schema.org","@graph":[{"@type":"Article","@id":"https:\/\/pfc.hr\/hr\/macel-plin-na-39-medunarodnom-znanstveno-strucnom-susretu-strucnjaka-za-plin-u-opatiji\/#article","isPartOf":{"@id":"https:\/\/pfc.hr\/hr\/macel-plin-na-39-medunarodnom-znanstveno-strucnom-susretu-strucnjaka-za-plin-u-opatiji\/"},"author":{"name":"monozinic","@id":"https:\/\/pfc.hr\/hr\/#\/schema\/person\/a3639941e0d68d67bf142a564e3315fb"},"headline":"Macel Plin na 39. Me\u0111unarodnom znanstveno-stru\u010dnom susretu stru\u010dnjaka za plin u Opatiji","datePublished":"2024-05-02T07:25:53+00:00","dateModified":"2026-02-23T09:07:56+00:00","mainEntityOfPage":{"@id":"https:\/\/pfc.hr\/hr\/macel-plin-na-39-medunarodnom-znanstveno-strucnom-susretu-strucnjaka-za-plin-u-opatiji\/"},"wordCount":694,"publisher":{"@id":"https:\/\/pfc.hr\/hr\/#organization"},"image":{"@id":"https:\/\/pfc.hr\/hr\/macel-plin-na-39-medunarodnom-znanstveno-strucnom-susretu-strucnjaka-za-plin-u-opatiji\/#primaryimage"},"thumbnailUrl":"https:\/\/pfc.hr\/wp-content\/uploads\/2024\/05\/macel-plin-opatija.png","articleSection":["Arhiva"],"inLanguage":"hr"},{"@type":"WebPage","@id":"https:\/\/pfc.hr\/hr\/macel-plin-na-39-medunarodnom-znanstveno-strucnom-susretu-strucnjaka-za-plin-u-opatiji\/","url":"https:\/\/pfc.hr\/hr\/macel-plin-na-39-medunarodnom-znanstveno-strucnom-susretu-strucnjaka-za-plin-u-opatiji\/","name":"Macel Plin na 39. Me\u0111unarodnom znanstveno-stru\u010dnom susretu stru\u010dnjaka za plin u Opatiji - PFC","isPartOf":{"@id":"https:\/\/pfc.hr\/hr\/#website"},"primaryImageOfPage":{"@id":"https:\/\/pfc.hr\/hr\/macel-plin-na-39-medunarodnom-znanstveno-strucnom-susretu-strucnjaka-za-plin-u-opatiji\/#primaryimage"},"image":{"@id":"https:\/\/pfc.hr\/hr\/macel-plin-na-39-medunarodnom-znanstveno-strucnom-susretu-strucnjaka-za-plin-u-opatiji\/#primaryimage"},"thumbnailUrl":"https:\/\/pfc.hr\/wp-content\/uploads\/2024\/05\/macel-plin-opatija.png","datePublished":"2024-05-02T07:25:53+00:00","dateModified":"2026-02-23T09:07:56+00:00","description":"U Kongresnom centru Grand Hotela Adriatic u Opatiji, od 8.-10. 5., odr\u017eat \u0107e se Me\u0111unarodni znanstveno-stru\u010dni susret stru\u010dnjaka za plin","breadcrumb":{"@id":"https:\/\/pfc.hr\/hr\/macel-plin-na-39-medunarodnom-znanstveno-strucnom-susretu-strucnjaka-za-plin-u-opatiji\/#breadcrumb"},"inLanguage":"hr","potentialAction":[{"@type":"ReadAction","target":["https:\/\/pfc.hr\/hr\/macel-plin-na-39-medunarodnom-znanstveno-strucnom-susretu-strucnjaka-za-plin-u-opatiji\/"]}]},{"@type":"ImageObject","inLanguage":"hr","@id":"https:\/\/pfc.hr\/hr\/macel-plin-na-39-medunarodnom-znanstveno-strucnom-susretu-strucnjaka-za-plin-u-opatiji\/#primaryimage","url":"https:\/\/pfc.hr\/wp-content\/uploads\/2024\/05\/macel-plin-opatija.png","contentUrl":"https:\/\/pfc.hr\/wp-content\/uploads\/2024\/05\/macel-plin-opatija.png","width":1200,"height":800,"caption":"stru\u010dni susret stru\u010dnjaka za plin"},{"@type":"BreadcrumbList","@id":"https:\/\/pfc.hr\/hr\/macel-plin-na-39-medunarodnom-znanstveno-strucnom-susretu-strucnjaka-za-plin-u-opatiji\/#breadcrumb","itemListElement":[{"@type":"ListItem","position":1,"name":"Home","item":"https:\/\/pfc.hr\/hr\/pico-flow-controls\/"},{"@type":"ListItem","position":2,"name":"Macel Plin na 39. Me\u0111unarodnom znanstveno-stru\u010dnom susretu stru\u010dnjaka za plin u Opatiji"}]},{"@type":"WebSite","@id":"https:\/\/pfc.hr\/hr\/#website","url":"https:\/\/pfc.hr\/hr\/","name":"PFC","description":"","publisher":{"@id":"https:\/\/pfc.hr\/hr\/#organization"},"potentialAction":[{"@type":"SearchAction","target":{"@type":"EntryPoint","urlTemplate":"https:\/\/pfc.hr\/hr\/?s={search_term_string}"},"query-input":{"@type":"PropertyValueSpecification","valueRequired":true,"valueName":"search_term_string"}}],"inLanguage":"hr"},{"@type":"Organization","@id":"https:\/\/pfc.hr\/hr\/#organization","name":"Pico Flow Controls","url":"https:\/\/pfc.hr\/hr\/","logo":{"@type":"ImageObject","inLanguage":"hr","@id":"https:\/\/pfc.hr\/hr\/#\/schema\/logo\/image\/","url":"https:\/\/pfc.hr\/wp-content\/uploads\/2024\/10\/PFC_Main_Logo.png","contentUrl":"https:\/\/pfc.hr\/wp-content\/uploads\/2024\/10\/PFC_Main_Logo.png","width":3920,"height":1140,"caption":"Pico Flow Controls"},"image":{"@id":"https:\/\/pfc.hr\/hr\/#\/schema\/logo\/image\/"}},{"@type":"Person","@id":"https:\/\/pfc.hr\/hr\/#\/schema\/person\/a3639941e0d68d67bf142a564e3315fb","name":"monozinic","image":{"@type":"ImageObject","inLanguage":"hr","@id":"https:\/\/secure.gravatar.com\/avatar\/11237ed603a51f3247970de2799bc59663c19e1f53cfbdfdad9f92731b7d4cf4?s=96&d=mm&r=g","url":"https:\/\/secure.gravatar.com\/avatar\/11237ed603a51f3247970de2799bc59663c19e1f53cfbdfdad9f92731b7d4cf4?s=96&d=mm&r=g","contentUrl":"https:\/\/secure.gravatar.com\/avatar\/11237ed603a51f3247970de2799bc59663c19e1f53cfbdfdad9f92731b7d4cf4?s=96&d=mm&r=g","caption":"monozinic"},"url":"https:\/\/pfc.hr\/hr\/author\/monozinic\/"}]}},"_links":{"self":[{"href":"https:\/\/pfc.hr\/hr\/wp-json\/wp\/v2\/posts\/7798","targetHints":{"allow":["GET"]}}],"collection":[{"href":"https:\/\/pfc.hr\/hr\/wp-json\/wp\/v2\/posts"}],"about":[{"href":"https:\/\/pfc.hr\/hr\/wp-json\/wp\/v2\/types\/post"}],"author":[{"embeddable":true,"href":"https:\/\/pfc.hr\/hr\/wp-json\/wp\/v2\/users\/3"}],"replies":[{"embeddable":true,"href":"https:\/\/pfc.hr\/hr\/wp-json\/wp\/v2\/comments?post=7798"}],"version-history":[{"count":1,"href":"https:\/\/pfc.hr\/hr\/wp-json\/wp\/v2\/posts\/7798\/revisions"}],"predecessor-version":[{"id":9738,"href":"https:\/\/pfc.hr\/hr\/wp-json\/wp\/v2\/posts\/7798\/revisions\/9738"}],"wp:featuredmedia":[{"embeddable":true,"href":"https:\/\/pfc.hr\/hr\/wp-json\/wp\/v2\/media\/17239"}],"wp:attachment":[{"href":"https:\/\/pfc.hr\/hr\/wp-json\/wp\/v2\/media?parent=7798"}],"wp:term":[{"taxonomy":"category","embeddable":true,"href":"https:\/\/pfc.hr\/hr\/wp-json\/wp\/v2\/categories?post=7798"},{"taxonomy":"post_tag","embeddable":true,"href":"https:\/\/pfc.hr\/hr\/wp-json\/wp\/v2\/tags?post=7798"}],"curies":[{"name":"wp","href":"https:\/\/api.w.org\/{rel}","templated":true}]}}