
{"id":7040,"date":"2024-02-01T14:45:37","date_gmt":"2024-02-01T13:45:37","guid":{"rendered":"https:\/\/macel-plin.hr\/2024\/02\/01\/underground-gas-storage-project-in-grubisno-polje-reshapes-croatias-energy-landscape\/"},"modified":"2025-05-22T15:02:59","modified_gmt":"2025-05-22T13:02:59","slug":"projekt-podzemnog-skladista-plina-u-grubisnom-polju-preoblikuje-energetski-krajolik-hrvatske","status":"publish","type":"post","link":"https:\/\/pfc.hr\/hr\/projekt-podzemnog-skladista-plina-u-grubisnom-polju-preoblikuje-energetski-krajolik-hrvatske\/","title":{"rendered":"Projekt podzemnog skladi\u0161ta plina u Grubi\u0161nom Polju preoblikuje energetski krajolik Hrvatske"},"content":{"rendered":"<p><strong><span data-preserver-spaces=\"true\">Projekt izgradnje drugog podzemnog skladi\u0161ta plina u Grubi\u0161nom Polju uvr\u0161ten je na popis strate\u0161kih investicijskih projekata Republike Hrvatske.<\/span><\/strong><\/p>\n<p><span data-preserver-spaces=\"true\">U Macel plinu s ponosom predstavljamo svoju\u00a0<\/span><strong><span data-preserver-spaces=\"true\">integralnu ulogu<\/span><\/strong><span data-preserver-spaces=\"true\">\u00a0u realizaciji projekta podzemnog skladi\u0161ta plina Grubi\u0161no Polje, projekta koji preoblikuje hrvatski energetski narativ.<\/span><span data-preserver-spaces=\"true\">\u00a0<\/span><\/p>\n<p><span data-preserver-spaces=\"true\">Premijer Andrej Plenkovi\u0107 sve\u010dano je otvorio plinsku stanicu\u00a0<\/span><strong><span data-preserver-spaces=\"true\">25. sije\u010dnja.<\/span><\/strong><span data-preserver-spaces=\"true\">\u00a0Time je zaklju\u010dena prva faza projekta procijenjena na\u00a0<\/span><strong><span data-preserver-spaces=\"true\">33 milijuna eura\u00a0<\/span><\/strong><span data-preserver-spaces=\"true\">te su postavljeni temelji za ukupnu investiciju projekta vrijednu pribli\u017eno 70 milijuna eura. Inicijativa ozna\u010dava klju\u010dni trenutak u kontinuiranim naporima Hrvatske da unaprijedi svoju infrastrukturu.<\/span><\/p>\n<p><strong><span data-preserver-spaces=\"true\">Uspje\u0161no smo isporu\u010dili<\/span><\/strong><span data-preserver-spaces=\"true\">\u00a0potrebne materijale i opremu i tako zna\u010dajno doprinijeli mehani\u010dkoj komponenti prve faze projekta skladi\u0161ta prirodnog plina za PSP Ltd. Na\u0161a predanost izvrsnosti u opskrbi klju\u010dnim komponentama nagla\u0161ava na\u0161u posve\u0107enost uspjehu ovog projekta.<\/span><span data-preserver-spaces=\"true\">\u00a0<\/span><\/p>\n<p><span data-preserver-spaces=\"true\">Ova sveobuhvatna infrastruktura uklju\u010duje plinsku postaju za pripremu plina, spojne cjevovode na transportni sustav te\u00a0<\/span><strong><span data-preserver-spaces=\"true\">klju\u010dnu spojnu to\u010dku<\/span><\/strong><span data-preserver-spaces=\"true\">\u00a0na magistralnom plinovodu Plinacro od Virovitice do Kutine.<\/span><span data-preserver-spaces=\"true\">\u00a0<\/span><\/p>\n<p><span data-preserver-spaces=\"true\">Projekt skladi\u0161ta plina Grubi\u0161no Polje prepoznat je kao strate\u0161ka investicija od strane Ministarstva gospodarstva i odr\u017eivog razvoja. Kao takav, projekt je klju\u010dan u ja\u010danju ukupne <\/span><strong><span data-preserver-spaces=\"true\">fleksibilnosti i sigurnosti opskrbnog sustava prirodnog plina u Hrvatskoj.<\/span><\/strong><\/p>\n<p><span data-preserver-spaces=\"true\">Prepoznat je kao energetski objekt od iznimne va\u017enosti za osiguranje sigurnosti opskrbe potro\u0161a\u010da prirodnim plinom u cijeloj zemlji. Ovo je posebno va\u017eno u prolje\u0107e i jesen, kada dolazi do zna\u010dajnih oscilacija u potra\u017enji plina. Ova razdoblja predstavljaju <\/span><strong><span data-preserver-spaces=\"true\">izazove<\/span><\/strong><span data-preserver-spaces=\"true\">\u00a0koje postoje\u0107e sezonsko podzemno skladi\u0161te plina Okoli (u blizini Velike Ludine, Sisa\u010dko-moslava\u010dka \u017eupanija) ne mo\u017ee adekvatno rije\u0161iti.<\/span><\/p>\n<p><span data-preserver-spaces=\"true\">Uz potporu EU fondova, projekt pozicionira Hrvatsku na dobrom putu prema budu\u0107nosti bez fosilnih goriva i osiguravanju energetske neovisnosti. U Macel Plinu smo ponosni biti dijelom ovih zna\u010dajnih transformacija.<\/span><\/p>\n<p><span data-preserver-spaces=\"true\">Suradnja s PSP d.o.o. i drugim partnerima odra\u017eava na\u0161u zajedni\u010dku odlu\u010dnost da unaprijedimo hrvatsku energetsku infrastrukturu. Macel Plin ostaje predan pru\u017eanju\u00a0<\/span><strong><span data-preserver-spaces=\"true\">visokokvalitetnih rje\u0161enja<\/span><\/strong><span data-preserver-spaces=\"true\">\u00a0koja doprinose ukupnom uspjehu klju\u010dnih projekata, kao \u0161to je podzemno skladi\u0161te plina u Grubi\u0161nom Polju.<\/span><\/p>\n","protected":false},"excerpt":{"rendered":"<p>Projekt izgradnje drugog podzemnog skladi\u0161ta plina u Grubi\u0161nom Polju uvr\u0161ten je na popis strate\u0161kih investicijskih projekata Republike Hrvatske. U Macel plinu s ponosom predstavljamo svoju\u00a0integralnu ulogu\u00a0u realizaciji projekta podzemnog skladi\u0161ta plina Grubi\u0161no Polje, projekta koji preoblikuje hrvatski energetski narativ.\u00a0 Premijer Andrej Plenkovi\u0107 sve\u010dano je otvorio plinsku stanicu\u00a025. sije\u010dnja.\u00a0Time je zaklju\u010dena prva faza projekta procijenjena na\u00a033 [&#8230;]\n","protected":false},"author":3,"featured_media":17267,"comment_status":"closed","ping_status":"closed","sticky":false,"template":"","format":"standard","meta":{"footnotes":""},"categories":[43],"tags":[],"class_list":["post-7040","post","type-post","status-publish","format-standard","has-post-thumbnail","hentry","category-dogadaji"],"yoast_head":"<!-- This site is optimized with the Yoast SEO plugin v27.3 - https:\/\/yoast.com\/product\/yoast-seo-wordpress\/ -->\n<title>Projekt podzemnog skladi\u0161ta plina u Grubi\u0161nom Polju preoblikuje energetski krajolik Hrvatske - PFC<\/title>\n<meta name=\"description\" content=\"Podzemno skladi\u0161te plina u Grubi\u0161nom Polju uvr\u0161teno je na popis strate\u0161kih investicijskih projekata Republike Hrvatske.\" \/>\n<meta name=\"robots\" content=\"index, follow, max-snippet:-1, max-image-preview:large, max-video-preview:-1\" \/>\n<link rel=\"canonical\" href=\"https:\/\/pfc.hr\/hr\/projekt-podzemnog-skladista-plina-u-grubisnom-polju-preoblikuje-energetski-krajolik-hrvatske\/\" \/>\n<meta property=\"og:locale\" content=\"hr_HR\" \/>\n<meta property=\"og:type\" content=\"article\" \/>\n<meta property=\"og:title\" content=\"Projekt podzemnog skladi\u0161ta plina u Grubi\u0161nom Polju preoblikuje energetski krajolik Hrvatske - PFC\" \/>\n<meta property=\"og:description\" content=\"Podzemno skladi\u0161te plina u Grubi\u0161nom Polju uvr\u0161teno je na popis strate\u0161kih investicijskih projekata Republike Hrvatske.\" \/>\n<meta property=\"og:url\" content=\"https:\/\/pfc.hr\/hr\/projekt-podzemnog-skladista-plina-u-grubisnom-polju-preoblikuje-energetski-krajolik-hrvatske\/\" \/>\n<meta property=\"og:site_name\" content=\"PFC\" \/>\n<meta property=\"article:published_time\" content=\"2024-02-01T13:45:37+00:00\" \/>\n<meta property=\"article:modified_time\" content=\"2025-05-22T13:02:59+00:00\" \/>\n<meta property=\"og:image\" content=\"https:\/\/pfc.hr\/wp-content\/uploads\/2024\/02\/Podzemno-skladiste-plina-grubisno-polje.jpg\" \/>\n\t<meta property=\"og:image:width\" content=\"2560\" \/>\n\t<meta property=\"og:image:height\" content=\"1920\" \/>\n\t<meta property=\"og:image:type\" content=\"image\/jpeg\" \/>\n<meta name=\"author\" content=\"monozinic\" \/>\n<meta name=\"twitter:card\" content=\"summary_large_image\" \/>\n<meta name=\"twitter:label1\" content=\"Napisao\/la\" \/>\n\t<meta name=\"twitter:data1\" content=\"monozinic\" \/>\n\t<meta name=\"twitter:label2\" content=\"Procijenjeno vrijeme \u010ditanja\" \/>\n\t<meta name=\"twitter:data2\" content=\"2 minute\" \/>\n<script type=\"application\/ld+json\" class=\"yoast-schema-graph\">{\"@context\":\"https:\\\/\\\/schema.org\",\"@graph\":[{\"@type\":\"Article\",\"@id\":\"https:\\\/\\\/pfc.hr\\\/hr\\\/projekt-podzemnog-skladista-plina-u-grubisnom-polju-preoblikuje-energetski-krajolik-hrvatske\\\/#article\",\"isPartOf\":{\"@id\":\"https:\\\/\\\/pfc.hr\\\/hr\\\/projekt-podzemnog-skladista-plina-u-grubisnom-polju-preoblikuje-energetski-krajolik-hrvatske\\\/\"},\"author\":{\"name\":\"monozinic\",\"@id\":\"https:\\\/\\\/pfc.hr\\\/hr\\\/#\\\/schema\\\/person\\\/a3639941e0d68d67bf142a564e3315fb\"},\"headline\":\"Projekt podzemnog skladi\u0161ta plina u Grubi\u0161nom Polju preoblikuje energetski krajolik Hrvatske\",\"datePublished\":\"2024-02-01T13:45:37+00:00\",\"dateModified\":\"2025-05-22T13:02:59+00:00\",\"mainEntityOfPage\":{\"@id\":\"https:\\\/\\\/pfc.hr\\\/hr\\\/projekt-podzemnog-skladista-plina-u-grubisnom-polju-preoblikuje-energetski-krajolik-hrvatske\\\/\"},\"wordCount\":371,\"publisher\":{\"@id\":\"https:\\\/\\\/pfc.hr\\\/hr\\\/#organization\"},\"image\":{\"@id\":\"https:\\\/\\\/pfc.hr\\\/hr\\\/projekt-podzemnog-skladista-plina-u-grubisnom-polju-preoblikuje-energetski-krajolik-hrvatske\\\/#primaryimage\"},\"thumbnailUrl\":\"https:\\\/\\\/pfc.hr\\\/wp-content\\\/uploads\\\/2024\\\/02\\\/Podzemno-skladiste-plina-grubisno-polje.jpg\",\"articleSection\":[\"Doga\u0111aji\"],\"inLanguage\":\"hr\"},{\"@type\":\"WebPage\",\"@id\":\"https:\\\/\\\/pfc.hr\\\/hr\\\/projekt-podzemnog-skladista-plina-u-grubisnom-polju-preoblikuje-energetski-krajolik-hrvatske\\\/\",\"url\":\"https:\\\/\\\/pfc.hr\\\/hr\\\/projekt-podzemnog-skladista-plina-u-grubisnom-polju-preoblikuje-energetski-krajolik-hrvatske\\\/\",\"name\":\"Projekt podzemnog skladi\u0161ta plina u Grubi\u0161nom Polju preoblikuje energetski krajolik Hrvatske - PFC\",\"isPartOf\":{\"@id\":\"https:\\\/\\\/pfc.hr\\\/hr\\\/#website\"},\"primaryImageOfPage\":{\"@id\":\"https:\\\/\\\/pfc.hr\\\/hr\\\/projekt-podzemnog-skladista-plina-u-grubisnom-polju-preoblikuje-energetski-krajolik-hrvatske\\\/#primaryimage\"},\"image\":{\"@id\":\"https:\\\/\\\/pfc.hr\\\/hr\\\/projekt-podzemnog-skladista-plina-u-grubisnom-polju-preoblikuje-energetski-krajolik-hrvatske\\\/#primaryimage\"},\"thumbnailUrl\":\"https:\\\/\\\/pfc.hr\\\/wp-content\\\/uploads\\\/2024\\\/02\\\/Podzemno-skladiste-plina-grubisno-polje.jpg\",\"datePublished\":\"2024-02-01T13:45:37+00:00\",\"dateModified\":\"2025-05-22T13:02:59+00:00\",\"description\":\"Podzemno skladi\u0161te plina u Grubi\u0161nom Polju uvr\u0161teno je na popis strate\u0161kih investicijskih projekata Republike Hrvatske.\",\"breadcrumb\":{\"@id\":\"https:\\\/\\\/pfc.hr\\\/hr\\\/projekt-podzemnog-skladista-plina-u-grubisnom-polju-preoblikuje-energetski-krajolik-hrvatske\\\/#breadcrumb\"},\"inLanguage\":\"hr\",\"potentialAction\":[{\"@type\":\"ReadAction\",\"target\":[\"https:\\\/\\\/pfc.hr\\\/hr\\\/projekt-podzemnog-skladista-plina-u-grubisnom-polju-preoblikuje-energetski-krajolik-hrvatske\\\/\"]}]},{\"@type\":\"ImageObject\",\"inLanguage\":\"hr\",\"@id\":\"https:\\\/\\\/pfc.hr\\\/hr\\\/projekt-podzemnog-skladista-plina-u-grubisnom-polju-preoblikuje-energetski-krajolik-hrvatske\\\/#primaryimage\",\"url\":\"https:\\\/\\\/pfc.hr\\\/wp-content\\\/uploads\\\/2024\\\/02\\\/Podzemno-skladiste-plina-grubisno-polje.jpg\",\"contentUrl\":\"https:\\\/\\\/pfc.hr\\\/wp-content\\\/uploads\\\/2024\\\/02\\\/Podzemno-skladiste-plina-grubisno-polje.jpg\",\"width\":2560,\"height\":1920,\"caption\":\"podzemno skladi\u0161te plina Grubi\u0161no polje\"},{\"@type\":\"BreadcrumbList\",\"@id\":\"https:\\\/\\\/pfc.hr\\\/hr\\\/projekt-podzemnog-skladista-plina-u-grubisnom-polju-preoblikuje-energetski-krajolik-hrvatske\\\/#breadcrumb\",\"itemListElement\":[{\"@type\":\"ListItem\",\"position\":1,\"name\":\"Home\",\"item\":\"https:\\\/\\\/pfc.hr\\\/hr\\\/pico-flow-controls\\\/\"},{\"@type\":\"ListItem\",\"position\":2,\"name\":\"Projekt podzemnog skladi\u0161ta plina u Grubi\u0161nom Polju preoblikuje energetski krajolik Hrvatske\"}]},{\"@type\":\"WebSite\",\"@id\":\"https:\\\/\\\/pfc.hr\\\/hr\\\/#website\",\"url\":\"https:\\\/\\\/pfc.hr\\\/hr\\\/\",\"name\":\"PFC\",\"description\":\"\",\"publisher\":{\"@id\":\"https:\\\/\\\/pfc.hr\\\/hr\\\/#organization\"},\"potentialAction\":[{\"@type\":\"SearchAction\",\"target\":{\"@type\":\"EntryPoint\",\"urlTemplate\":\"https:\\\/\\\/pfc.hr\\\/hr\\\/?s={search_term_string}\"},\"query-input\":{\"@type\":\"PropertyValueSpecification\",\"valueRequired\":true,\"valueName\":\"search_term_string\"}}],\"inLanguage\":\"hr\"},{\"@type\":\"Organization\",\"@id\":\"https:\\\/\\\/pfc.hr\\\/hr\\\/#organization\",\"name\":\"Pico Flow Controls\",\"url\":\"https:\\\/\\\/pfc.hr\\\/hr\\\/\",\"logo\":{\"@type\":\"ImageObject\",\"inLanguage\":\"hr\",\"@id\":\"https:\\\/\\\/pfc.hr\\\/hr\\\/#\\\/schema\\\/logo\\\/image\\\/\",\"url\":\"https:\\\/\\\/pfc.hr\\\/wp-content\\\/uploads\\\/2024\\\/10\\\/PFC_Main_Logo.png\",\"contentUrl\":\"https:\\\/\\\/pfc.hr\\\/wp-content\\\/uploads\\\/2024\\\/10\\\/PFC_Main_Logo.png\",\"width\":3920,\"height\":1140,\"caption\":\"Pico Flow Controls\"},\"image\":{\"@id\":\"https:\\\/\\\/pfc.hr\\\/hr\\\/#\\\/schema\\\/logo\\\/image\\\/\"}},{\"@type\":\"Person\",\"@id\":\"https:\\\/\\\/pfc.hr\\\/hr\\\/#\\\/schema\\\/person\\\/a3639941e0d68d67bf142a564e3315fb\",\"name\":\"monozinic\",\"image\":{\"@type\":\"ImageObject\",\"inLanguage\":\"hr\",\"@id\":\"https:\\\/\\\/secure.gravatar.com\\\/avatar\\\/11237ed603a51f3247970de2799bc59663c19e1f53cfbdfdad9f92731b7d4cf4?s=96&d=mm&r=g\",\"url\":\"https:\\\/\\\/secure.gravatar.com\\\/avatar\\\/11237ed603a51f3247970de2799bc59663c19e1f53cfbdfdad9f92731b7d4cf4?s=96&d=mm&r=g\",\"contentUrl\":\"https:\\\/\\\/secure.gravatar.com\\\/avatar\\\/11237ed603a51f3247970de2799bc59663c19e1f53cfbdfdad9f92731b7d4cf4?s=96&d=mm&r=g\",\"caption\":\"monozinic\"},\"url\":\"https:\\\/\\\/pfc.hr\\\/hr\\\/author\\\/monozinic\\\/\"}]}<\/script>\n<!-- \/ Yoast SEO plugin. -->","yoast_head_json":{"title":"Projekt podzemnog skladi\u0161ta plina u Grubi\u0161nom Polju preoblikuje energetski krajolik Hrvatske - PFC","description":"Podzemno skladi\u0161te plina u Grubi\u0161nom Polju uvr\u0161teno je na popis strate\u0161kih investicijskih projekata Republike Hrvatske.","robots":{"index":"index","follow":"follow","max-snippet":"max-snippet:-1","max-image-preview":"max-image-preview:large","max-video-preview":"max-video-preview:-1"},"canonical":"https:\/\/pfc.hr\/hr\/projekt-podzemnog-skladista-plina-u-grubisnom-polju-preoblikuje-energetski-krajolik-hrvatske\/","og_locale":"hr_HR","og_type":"article","og_title":"Projekt podzemnog skladi\u0161ta plina u Grubi\u0161nom Polju preoblikuje energetski krajolik Hrvatske - PFC","og_description":"Podzemno skladi\u0161te plina u Grubi\u0161nom Polju uvr\u0161teno je na popis strate\u0161kih investicijskih projekata Republike Hrvatske.","og_url":"https:\/\/pfc.hr\/hr\/projekt-podzemnog-skladista-plina-u-grubisnom-polju-preoblikuje-energetski-krajolik-hrvatske\/","og_site_name":"PFC","article_published_time":"2024-02-01T13:45:37+00:00","article_modified_time":"2025-05-22T13:02:59+00:00","og_image":[{"width":2560,"height":1920,"url":"https:\/\/pfc.hr\/wp-content\/uploads\/2024\/02\/Podzemno-skladiste-plina-grubisno-polje.jpg","type":"image\/jpeg"}],"author":"monozinic","twitter_card":"summary_large_image","twitter_misc":{"Napisao\/la":"monozinic","Procijenjeno vrijeme \u010ditanja":"2 minute"},"schema":{"@context":"https:\/\/schema.org","@graph":[{"@type":"Article","@id":"https:\/\/pfc.hr\/hr\/projekt-podzemnog-skladista-plina-u-grubisnom-polju-preoblikuje-energetski-krajolik-hrvatske\/#article","isPartOf":{"@id":"https:\/\/pfc.hr\/hr\/projekt-podzemnog-skladista-plina-u-grubisnom-polju-preoblikuje-energetski-krajolik-hrvatske\/"},"author":{"name":"monozinic","@id":"https:\/\/pfc.hr\/hr\/#\/schema\/person\/a3639941e0d68d67bf142a564e3315fb"},"headline":"Projekt podzemnog skladi\u0161ta plina u Grubi\u0161nom Polju preoblikuje energetski krajolik Hrvatske","datePublished":"2024-02-01T13:45:37+00:00","dateModified":"2025-05-22T13:02:59+00:00","mainEntityOfPage":{"@id":"https:\/\/pfc.hr\/hr\/projekt-podzemnog-skladista-plina-u-grubisnom-polju-preoblikuje-energetski-krajolik-hrvatske\/"},"wordCount":371,"publisher":{"@id":"https:\/\/pfc.hr\/hr\/#organization"},"image":{"@id":"https:\/\/pfc.hr\/hr\/projekt-podzemnog-skladista-plina-u-grubisnom-polju-preoblikuje-energetski-krajolik-hrvatske\/#primaryimage"},"thumbnailUrl":"https:\/\/pfc.hr\/wp-content\/uploads\/2024\/02\/Podzemno-skladiste-plina-grubisno-polje.jpg","articleSection":["Doga\u0111aji"],"inLanguage":"hr"},{"@type":"WebPage","@id":"https:\/\/pfc.hr\/hr\/projekt-podzemnog-skladista-plina-u-grubisnom-polju-preoblikuje-energetski-krajolik-hrvatske\/","url":"https:\/\/pfc.hr\/hr\/projekt-podzemnog-skladista-plina-u-grubisnom-polju-preoblikuje-energetski-krajolik-hrvatske\/","name":"Projekt podzemnog skladi\u0161ta plina u Grubi\u0161nom Polju preoblikuje energetski krajolik Hrvatske - PFC","isPartOf":{"@id":"https:\/\/pfc.hr\/hr\/#website"},"primaryImageOfPage":{"@id":"https:\/\/pfc.hr\/hr\/projekt-podzemnog-skladista-plina-u-grubisnom-polju-preoblikuje-energetski-krajolik-hrvatske\/#primaryimage"},"image":{"@id":"https:\/\/pfc.hr\/hr\/projekt-podzemnog-skladista-plina-u-grubisnom-polju-preoblikuje-energetski-krajolik-hrvatske\/#primaryimage"},"thumbnailUrl":"https:\/\/pfc.hr\/wp-content\/uploads\/2024\/02\/Podzemno-skladiste-plina-grubisno-polje.jpg","datePublished":"2024-02-01T13:45:37+00:00","dateModified":"2025-05-22T13:02:59+00:00","description":"Podzemno skladi\u0161te plina u Grubi\u0161nom Polju uvr\u0161teno je na popis strate\u0161kih investicijskih projekata Republike Hrvatske.","breadcrumb":{"@id":"https:\/\/pfc.hr\/hr\/projekt-podzemnog-skladista-plina-u-grubisnom-polju-preoblikuje-energetski-krajolik-hrvatske\/#breadcrumb"},"inLanguage":"hr","potentialAction":[{"@type":"ReadAction","target":["https:\/\/pfc.hr\/hr\/projekt-podzemnog-skladista-plina-u-grubisnom-polju-preoblikuje-energetski-krajolik-hrvatske\/"]}]},{"@type":"ImageObject","inLanguage":"hr","@id":"https:\/\/pfc.hr\/hr\/projekt-podzemnog-skladista-plina-u-grubisnom-polju-preoblikuje-energetski-krajolik-hrvatske\/#primaryimage","url":"https:\/\/pfc.hr\/wp-content\/uploads\/2024\/02\/Podzemno-skladiste-plina-grubisno-polje.jpg","contentUrl":"https:\/\/pfc.hr\/wp-content\/uploads\/2024\/02\/Podzemno-skladiste-plina-grubisno-polje.jpg","width":2560,"height":1920,"caption":"podzemno skladi\u0161te plina Grubi\u0161no polje"},{"@type":"BreadcrumbList","@id":"https:\/\/pfc.hr\/hr\/projekt-podzemnog-skladista-plina-u-grubisnom-polju-preoblikuje-energetski-krajolik-hrvatske\/#breadcrumb","itemListElement":[{"@type":"ListItem","position":1,"name":"Home","item":"https:\/\/pfc.hr\/hr\/pico-flow-controls\/"},{"@type":"ListItem","position":2,"name":"Projekt podzemnog skladi\u0161ta plina u Grubi\u0161nom Polju preoblikuje energetski krajolik Hrvatske"}]},{"@type":"WebSite","@id":"https:\/\/pfc.hr\/hr\/#website","url":"https:\/\/pfc.hr\/hr\/","name":"PFC","description":"","publisher":{"@id":"https:\/\/pfc.hr\/hr\/#organization"},"potentialAction":[{"@type":"SearchAction","target":{"@type":"EntryPoint","urlTemplate":"https:\/\/pfc.hr\/hr\/?s={search_term_string}"},"query-input":{"@type":"PropertyValueSpecification","valueRequired":true,"valueName":"search_term_string"}}],"inLanguage":"hr"},{"@type":"Organization","@id":"https:\/\/pfc.hr\/hr\/#organization","name":"Pico Flow Controls","url":"https:\/\/pfc.hr\/hr\/","logo":{"@type":"ImageObject","inLanguage":"hr","@id":"https:\/\/pfc.hr\/hr\/#\/schema\/logo\/image\/","url":"https:\/\/pfc.hr\/wp-content\/uploads\/2024\/10\/PFC_Main_Logo.png","contentUrl":"https:\/\/pfc.hr\/wp-content\/uploads\/2024\/10\/PFC_Main_Logo.png","width":3920,"height":1140,"caption":"Pico Flow Controls"},"image":{"@id":"https:\/\/pfc.hr\/hr\/#\/schema\/logo\/image\/"}},{"@type":"Person","@id":"https:\/\/pfc.hr\/hr\/#\/schema\/person\/a3639941e0d68d67bf142a564e3315fb","name":"monozinic","image":{"@type":"ImageObject","inLanguage":"hr","@id":"https:\/\/secure.gravatar.com\/avatar\/11237ed603a51f3247970de2799bc59663c19e1f53cfbdfdad9f92731b7d4cf4?s=96&d=mm&r=g","url":"https:\/\/secure.gravatar.com\/avatar\/11237ed603a51f3247970de2799bc59663c19e1f53cfbdfdad9f92731b7d4cf4?s=96&d=mm&r=g","contentUrl":"https:\/\/secure.gravatar.com\/avatar\/11237ed603a51f3247970de2799bc59663c19e1f53cfbdfdad9f92731b7d4cf4?s=96&d=mm&r=g","caption":"monozinic"},"url":"https:\/\/pfc.hr\/hr\/author\/monozinic\/"}]}},"_links":{"self":[{"href":"https:\/\/pfc.hr\/hr\/wp-json\/wp\/v2\/posts\/7040","targetHints":{"allow":["GET"]}}],"collection":[{"href":"https:\/\/pfc.hr\/hr\/wp-json\/wp\/v2\/posts"}],"about":[{"href":"https:\/\/pfc.hr\/hr\/wp-json\/wp\/v2\/types\/post"}],"author":[{"embeddable":true,"href":"https:\/\/pfc.hr\/hr\/wp-json\/wp\/v2\/users\/3"}],"replies":[{"embeddable":true,"href":"https:\/\/pfc.hr\/hr\/wp-json\/wp\/v2\/comments?post=7040"}],"version-history":[{"count":2,"href":"https:\/\/pfc.hr\/hr\/wp-json\/wp\/v2\/posts\/7040\/revisions"}],"predecessor-version":[{"id":18277,"href":"https:\/\/pfc.hr\/hr\/wp-json\/wp\/v2\/posts\/7040\/revisions\/18277"}],"wp:featuredmedia":[{"embeddable":true,"href":"https:\/\/pfc.hr\/hr\/wp-json\/wp\/v2\/media\/17267"}],"wp:attachment":[{"href":"https:\/\/pfc.hr\/hr\/wp-json\/wp\/v2\/media?parent=7040"}],"wp:term":[{"taxonomy":"category","embeddable":true,"href":"https:\/\/pfc.hr\/hr\/wp-json\/wp\/v2\/categories?post=7040"},{"taxonomy":"post_tag","embeddable":true,"href":"https:\/\/pfc.hr\/hr\/wp-json\/wp\/v2\/tags?post=7040"}],"curies":[{"name":"wp","href":"https:\/\/api.w.org\/{rel}","templated":true}]}}