
{"id":13135,"date":"2024-03-27T11:34:15","date_gmt":"2024-03-27T10:34:15","guid":{"rendered":"https:\/\/feromihin.hr\/?p=13135"},"modified":"2025-05-16T11:12:02","modified_gmt":"2025-05-16T09:12:02","slug":"pridruzite-nam-se-na-vodecoj-europskoj-konferenciji-ptc-berlin-2024","status":"publish","type":"post","link":"https:\/\/pfc.hr\/hr\/pridruzite-nam-se-na-vodecoj-europskoj-konferenciji-ptc-berlin-2024\/","title":{"rendered":"Pridru\u017eite nam se na vode\u0107oj europskoj konferenciji PTC Berlin 2024"},"content":{"rendered":"<p><span style=\"font-weight: 400;\"><strong>Vode\u0107a europska konferencija<\/strong> i me\u0111unarodni sajam posve\u0107eni industriji cjevovoda (PTC) ponovno \u0107e se odr\u017eati u Berlinu, u Estrel kongresnom centru, od 9. do 11. travnja 2024.<\/span><\/p>\n<p><span style=\"font-weight: 400;\">Ovim putem s odu\u0161evljenjem najavljujemo sudjelovanje na\u0161e tvrtke Feromihin d.o.o. na PTC Berlin i ove godine. <\/span><span style=\"font-weight: 400;\">Doga\u0111aj \u0107e obuhvatiti \u0161irok spektar sadr\u017eaja, uklju\u010duju\u0107i panel rasprave, tehni\u010dke sesije, panel rasprave, vode\u0107e prakse u industriji, seminare, PTC Izlo\u017ebu i PTC Konferenciju, a pokrit \u0107e se razli\u010dite teme, od integriteta infrastrukture i <a href=\"https:\/\/feromihin.hr\/hr\/kako-kontrolirati-koroziju-i-unaprijediti-sustav-upravljanja-cjevovodima\/\" target=\"_blank\" rel=\"noopener\">prevencije korozije<\/a> do automatizacije i sigurnosnih protokola te najnovijih dostignu\u0107a u tehnologiji cjevovoda.<\/span><\/p>\n<p><span style=\"font-weight: 400;\">Operatori cjevovoda i profesionalci u distribucijskim mre\u017eama iz cijelog svijeta ponovno \u0107e se okupiti na<\/span> <a href=\"https:\/\/www.pipeline-conference.com\/\" target=\"_blank\" rel=\"noopener\"><span style=\"font-weight: 400;\">PTC-u<\/span><\/a> <span style=\"font-weight: 400;\">kako bi saznali vi\u0161e o <strong>najnovijim razvojima u industriji<\/strong> i podijelili iskustva s kolegama.<\/span><\/p>\n<p><span style=\"font-weight: 400;\">Radujemo se \u0161to \u0107emo vas vidjeti u poznatom okru\u017eenju Berlina, razmijeniti poslovne kontakte te raspravljati o novim tehnologijama i trenutnim izazovima.<\/span><\/p>\n<p><span style=\"font-weight: 400;\">Na\u0161 <strong>broj \u0161tanda<\/strong> za PTC Berlin ove godine je <strong>I13<\/strong>. Veselimo se vidjeti vas! <\/span><\/p>\n<p><span style=\"font-weight: 400;\">Sudjelujete li na ovogodi\u0161njem PTC Berlinu? <strong>Slobodno nas kontaktirajte<\/strong> i <a href=\"\">dogovorite sastanak<\/a>. <\/span><\/p>\n<h2><span style=\"font-weight: 400;\">Kako se pridru\u017eiti?<\/span><\/h2>\n<p><span style=\"font-weight: 400;\">\ud83d\udccc <strong>Lokacija<\/strong>: Berlin, Njema\u010dka<\/span><\/p>\n<p><span style=\"font-weight: 400;\">\ud83c\udfe0 <strong>Mjesto odr\u017eavanja<\/strong>: Estrel kongresni centar<\/span><\/p>\n<p><span style=\"font-weight: 400;\">\ud83d\udcc5 <strong>Datum<\/strong>: ponedjeljak, 9. travnja \u2013 \u010detvrtak, 11. travnja<\/span><\/p>\n<p><span style=\"font-weight: 400;\">Registrirajte se i pridru\u017eite globalnoj zajednici cjevovoda. Za promotivne materijale i vi\u0161e osnovnih informacija o konferenciji, posjetite  <\/span><a href=\"https:\/\/exhibitors.pipeline-conference.com\/\" target=\"_blank\" rel=\"noopener\"><span style=\"font-weight: 400;\">PTC Berlin 2024 \u2013 Informacije za izlaga\u010de<\/span><\/a><span style=\"font-weight: 400;\">.<\/span><\/p>\n<h2><span style=\"font-weight: 400;\">Upoznajte na\u0161 tim delegata: <\/span><\/h2>\n\n\t<section class=\"section\" id=\"section_1039441472\">\n\t\t<div class=\"section-bg fill\" >\n\t\t\t\t\t\t\t\t\t<div class=\"section-bg-overlay absolute fill\"><\/div>\n\t\t\t\n\n\t\t<\/div>\n\n\t\t\n\n\t\t<div class=\"section-content relative\">\n\t\t\t\n<div class=\"row row-large align-middle\"  id=\"row-499161135\">\n\n\t<div id=\"col-1592049784\" class=\"col medium-6 small-12 large-6\"  >\n\t\t\t\t<div class=\"col-inner\"  >\n\t\t\t\n\t\t\t\n\t<div class=\"img has-hover x md-x lg-x y md-y lg-y\" id=\"image_821022594\">\n\t\t\t\t\t\t\t\t<div class=\"img-inner dark\" style=\"margin:0px 0px 0px 0px;\">\n\t\t\t<img loading=\"lazy\" decoding=\"async\" width=\"766\" height=\"680\" src=\"https:\/\/pfc.hr\/wp-content\/uploads\/2025\/03\/Dubravko_Kamenecki.png\" class=\"attachment-large size-large\" alt=\"\" \/>\t\t\t\t\t\t\n\t\t\t\t\t<\/div>\n\t\t\t\t\t\t\t\t\n<style>\n#image_821022594 {\n  width: 80%;\n}\n<\/style>\n\t<\/div>\n\t\n\t\t<\/div>\n\t\t\t\t\t<\/div>\n\n\t\n\n\t<div id=\"col-1379363585\" class=\"col medium-6 small-12 large-6\"  >\n\t\t\t\t<div class=\"col-inner text-left\"  >\n\t\t\t\n\t\t\t\n<h2>Dubravko Kamene\u010dki<\/h2>\n<h6>CEO<\/h6>\n<hr>\n<p>Dubravko Kamene\u010dki ima vi\u0161e od 30 godina iskustva u naftno-plinskoj industriji. Pod njegovim vodstvom, tvrtka je prosperirala, a razvijena IT rje\u0161enja temelje se na njegovom bogatom iskustvu u industriji te sudjelovanju u izgradnji cjevovoda u Hrvatskoj.<\/p>\n\t\t<\/div>\n\t\t\t\t\t<\/div>\n\n\t\n<\/div>\n\t\t<\/div>\n\n\t\t\n<style>\n#section_1039441472 {\n  padding-top: 20px;\n  padding-bottom: 20px;\n}\n#section_1039441472 .section-bg-overlay {\n  background-color: rgba(255, 255, 255, 0.85);\n}\n<\/style>\n\t<\/section>\n\t\n<div class=\"is-divider divider clearfix\" style=\"max-width:100%;\"><\/div>\n\n\t<section class=\"section\" id=\"section_1029659878\">\n\t\t<div class=\"section-bg fill\" >\n\t\t\t\t\t\t\t\t\t<div class=\"section-bg-overlay absolute fill\"><\/div>\n\t\t\t\n\n\t\t<\/div>\n\n\t\t\n\n\t\t<div class=\"section-content relative\">\n\t\t\t\n<div class=\"row row-large align-middle\"  id=\"row-1901631404\">\n\n\t<div id=\"col-229978704\" class=\"col medium-6 small-12 large-6\"  >\n\t\t\t\t<div class=\"col-inner\"  >\n\t\t\t\n\t\t\t\n\t<div class=\"img has-hover x md-x lg-x y md-y lg-y\" id=\"image_223230945\">\n\t\t\t\t\t\t\t\t<div class=\"img-inner dark\" style=\"margin:0px 0px 0px 0px;\">\n\t\t\t<img loading=\"lazy\" decoding=\"async\" width=\"766\" height=\"680\" src=\"https:\/\/pfc.hr\/wp-content\/uploads\/2024\/05\/Luka-Klancir-event.png\" class=\"attachment-large size-large\" alt=\"\" \/>\t\t\t\t\t\t\n\t\t\t\t\t<\/div>\n\t\t\t\t\t\t\t\t\n<style>\n#image_223230945 {\n  width: 80%;\n}\n<\/style>\n\t<\/div>\n\t\n\t\t<\/div>\n\t\t\t\t\t<\/div>\n\n\t\n\n\t<div id=\"col-739038424\" class=\"col medium-6 small-12 large-6\"  >\n\t\t\t\t<div class=\"col-inner text-left\"  >\n\t\t\t\n\t\t\t\n<h2>Luka Klancir<\/h2>\n<h6>IT Direktor<\/h6>\n<hr>\n<p>Luka Klancir stru\u010dnjak je za IT rje\u0161enja u naftnoj i plinskoj industriji te rukovoditelj IT odjela u Feromihinu. Njegovo iskustvo, stru\u010dnost i duboko razumijevanje energetskog IT sektora doprinose razvoju inovativnih tehnolo\u0161kih rje\u0161enja za upravljanje imovinom i cjevovodima.<\/p>\n\t\t<\/div>\n\t\t\t\t\t<\/div>\n\n\t\n<\/div>\n\t\t<\/div>\n\n\t\t\n<style>\n#section_1029659878 {\n  padding-top: 20px;\n  padding-bottom: 20px;\n}\n#section_1029659878 .section-bg-overlay {\n  background-color: rgba(255, 255, 255, 0.85);\n}\n<\/style>\n\t<\/section>\n\t\n","protected":false},"excerpt":{"rendered":"<p>Vode\u0107a europska konferencija i me\u0111unarodni sajam posve\u0107eni industriji cjevovoda (PTC) ponovno \u0107e se odr\u017eati u Berlinu, u Estrel kongresnom centru, od 9. do 11. travnja 2024. Ovim putem s odu\u0161evljenjem najavljujemo sudjelovanje na\u0161e tvrtke Feromihin d.o.o. na PTC Berlin i ove godine. Doga\u0111aj \u0107e obuhvatiti \u0161irok spektar sadr\u017eaja, uklju\u010duju\u0107i panel rasprave, tehni\u010dke sesije, panel rasprave, [&#8230;]\n","protected":false},"author":3,"featured_media":17991,"comment_status":"closed","ping_status":"closed","sticky":false,"template":"","format":"standard","meta":{"footnotes":""},"categories":[43],"tags":[],"class_list":["post-13135","post","type-post","status-publish","format-standard","has-post-thumbnail","hentry","category-dogadaji"],"yoast_head":"<!-- This site is optimized with the Yoast SEO plugin v27.3 - https:\/\/yoast.com\/product\/yoast-seo-wordpress\/ -->\n<title>Pridru\u017eite nam se na vode\u0107oj europskoj konferenciji PTC Berlin 2024 - PFC<\/title>\n<meta name=\"description\" content=\"Vode\u0107a europska konferencija o tehnologiji cjevovoda, PTC Berlin, odr\u017eava se u kongresnom centru Estrel od 9. do 11. travnja 2024. godine.\" \/>\n<meta name=\"robots\" content=\"index, follow, max-snippet:-1, max-image-preview:large, max-video-preview:-1\" \/>\n<link rel=\"canonical\" href=\"https:\/\/pfc.hr\/hr\/pridruzite-nam-se-na-vodecoj-europskoj-konferenciji-ptc-berlin-2024\/\" \/>\n<meta property=\"og:locale\" content=\"hr_HR\" \/>\n<meta property=\"og:type\" content=\"article\" \/>\n<meta property=\"og:title\" content=\"Pridru\u017eite nam se na vode\u0107oj europskoj konferenciji PTC Berlin 2024 - PFC\" \/>\n<meta property=\"og:description\" content=\"Vode\u0107a europska konferencija o tehnologiji cjevovoda, PTC Berlin, odr\u017eava se u kongresnom centru Estrel od 9. do 11. travnja 2024. godine.\" \/>\n<meta property=\"og:url\" content=\"https:\/\/pfc.hr\/hr\/pridruzite-nam-se-na-vodecoj-europskoj-konferenciji-ptc-berlin-2024\/\" \/>\n<meta property=\"og:site_name\" content=\"PFC\" \/>\n<meta property=\"article:published_time\" content=\"2024-03-27T10:34:15+00:00\" \/>\n<meta property=\"article:modified_time\" content=\"2025-05-16T09:12:02+00:00\" \/>\n<meta property=\"og:image\" content=\"https:\/\/pfc.hr\/wp-content\/uploads\/2024\/03\/PFC_Meet-Us-at-PTC-Berlin-2024-Leading-European-Pipeline-Technology-Conference.jpg\" \/>\n\t<meta property=\"og:image:width\" content=\"1200\" \/>\n\t<meta property=\"og:image:height\" content=\"800\" \/>\n\t<meta property=\"og:image:type\" content=\"image\/jpeg\" \/>\n<meta name=\"author\" content=\"monozinic\" \/>\n<meta name=\"twitter:card\" content=\"summary_large_image\" \/>\n<meta name=\"twitter:label1\" content=\"Napisao\/la\" \/>\n\t<meta name=\"twitter:data1\" content=\"monozinic\" \/>\n\t<meta name=\"twitter:label2\" content=\"Procijenjeno vrijeme \u010ditanja\" \/>\n\t<meta name=\"twitter:data2\" content=\"2 minute\" \/>\n<script type=\"application\/ld+json\" class=\"yoast-schema-graph\">{\"@context\":\"https:\\\/\\\/schema.org\",\"@graph\":[{\"@type\":\"Article\",\"@id\":\"https:\\\/\\\/pfc.hr\\\/hr\\\/pridruzite-nam-se-na-vodecoj-europskoj-konferenciji-ptc-berlin-2024\\\/#article\",\"isPartOf\":{\"@id\":\"https:\\\/\\\/pfc.hr\\\/hr\\\/pridruzite-nam-se-na-vodecoj-europskoj-konferenciji-ptc-berlin-2024\\\/\"},\"author\":{\"name\":\"monozinic\",\"@id\":\"https:\\\/\\\/pfc.hr\\\/hr\\\/#\\\/schema\\\/person\\\/a3639941e0d68d67bf142a564e3315fb\"},\"headline\":\"Pridru\u017eite nam se na vode\u0107oj europskoj konferenciji PTC Berlin 2024\",\"datePublished\":\"2024-03-27T10:34:15+00:00\",\"dateModified\":\"2025-05-16T09:12:02+00:00\",\"mainEntityOfPage\":{\"@id\":\"https:\\\/\\\/pfc.hr\\\/hr\\\/pridruzite-nam-se-na-vodecoj-europskoj-konferenciji-ptc-berlin-2024\\\/\"},\"wordCount\":408,\"publisher\":{\"@id\":\"https:\\\/\\\/pfc.hr\\\/hr\\\/#organization\"},\"image\":{\"@id\":\"https:\\\/\\\/pfc.hr\\\/hr\\\/pridruzite-nam-se-na-vodecoj-europskoj-konferenciji-ptc-berlin-2024\\\/#primaryimage\"},\"thumbnailUrl\":\"https:\\\/\\\/pfc.hr\\\/wp-content\\\/uploads\\\/2024\\\/03\\\/PFC_Meet-Us-at-PTC-Berlin-2024-Leading-European-Pipeline-Technology-Conference.jpg\",\"articleSection\":[\"Doga\u0111aji\"],\"inLanguage\":\"hr\"},{\"@type\":\"WebPage\",\"@id\":\"https:\\\/\\\/pfc.hr\\\/hr\\\/pridruzite-nam-se-na-vodecoj-europskoj-konferenciji-ptc-berlin-2024\\\/\",\"url\":\"https:\\\/\\\/pfc.hr\\\/hr\\\/pridruzite-nam-se-na-vodecoj-europskoj-konferenciji-ptc-berlin-2024\\\/\",\"name\":\"Pridru\u017eite nam se na vode\u0107oj europskoj konferenciji PTC Berlin 2024 - PFC\",\"isPartOf\":{\"@id\":\"https:\\\/\\\/pfc.hr\\\/hr\\\/#website\"},\"primaryImageOfPage\":{\"@id\":\"https:\\\/\\\/pfc.hr\\\/hr\\\/pridruzite-nam-se-na-vodecoj-europskoj-konferenciji-ptc-berlin-2024\\\/#primaryimage\"},\"image\":{\"@id\":\"https:\\\/\\\/pfc.hr\\\/hr\\\/pridruzite-nam-se-na-vodecoj-europskoj-konferenciji-ptc-berlin-2024\\\/#primaryimage\"},\"thumbnailUrl\":\"https:\\\/\\\/pfc.hr\\\/wp-content\\\/uploads\\\/2024\\\/03\\\/PFC_Meet-Us-at-PTC-Berlin-2024-Leading-European-Pipeline-Technology-Conference.jpg\",\"datePublished\":\"2024-03-27T10:34:15+00:00\",\"dateModified\":\"2025-05-16T09:12:02+00:00\",\"description\":\"Vode\u0107a europska konferencija o tehnologiji cjevovoda, PTC Berlin, odr\u017eava se u kongresnom centru Estrel od 9. do 11. travnja 2024. godine.\",\"breadcrumb\":{\"@id\":\"https:\\\/\\\/pfc.hr\\\/hr\\\/pridruzite-nam-se-na-vodecoj-europskoj-konferenciji-ptc-berlin-2024\\\/#breadcrumb\"},\"inLanguage\":\"hr\",\"potentialAction\":[{\"@type\":\"ReadAction\",\"target\":[\"https:\\\/\\\/pfc.hr\\\/hr\\\/pridruzite-nam-se-na-vodecoj-europskoj-konferenciji-ptc-berlin-2024\\\/\"]}]},{\"@type\":\"ImageObject\",\"inLanguage\":\"hr\",\"@id\":\"https:\\\/\\\/pfc.hr\\\/hr\\\/pridruzite-nam-se-na-vodecoj-europskoj-konferenciji-ptc-berlin-2024\\\/#primaryimage\",\"url\":\"https:\\\/\\\/pfc.hr\\\/wp-content\\\/uploads\\\/2024\\\/03\\\/PFC_Meet-Us-at-PTC-Berlin-2024-Leading-European-Pipeline-Technology-Conference.jpg\",\"contentUrl\":\"https:\\\/\\\/pfc.hr\\\/wp-content\\\/uploads\\\/2024\\\/03\\\/PFC_Meet-Us-at-PTC-Berlin-2024-Leading-European-Pipeline-Technology-Conference.jpg\",\"width\":1200,\"height\":800,\"caption\":\"ptc berlin\"},{\"@type\":\"BreadcrumbList\",\"@id\":\"https:\\\/\\\/pfc.hr\\\/hr\\\/pridruzite-nam-se-na-vodecoj-europskoj-konferenciji-ptc-berlin-2024\\\/#breadcrumb\",\"itemListElement\":[{\"@type\":\"ListItem\",\"position\":1,\"name\":\"Home\",\"item\":\"https:\\\/\\\/pfc.hr\\\/hr\\\/pico-flow-controls\\\/\"},{\"@type\":\"ListItem\",\"position\":2,\"name\":\"Pridru\u017eite nam se na vode\u0107oj europskoj konferenciji PTC Berlin 2024\"}]},{\"@type\":\"WebSite\",\"@id\":\"https:\\\/\\\/pfc.hr\\\/hr\\\/#website\",\"url\":\"https:\\\/\\\/pfc.hr\\\/hr\\\/\",\"name\":\"PFC\",\"description\":\"\",\"publisher\":{\"@id\":\"https:\\\/\\\/pfc.hr\\\/hr\\\/#organization\"},\"potentialAction\":[{\"@type\":\"SearchAction\",\"target\":{\"@type\":\"EntryPoint\",\"urlTemplate\":\"https:\\\/\\\/pfc.hr\\\/hr\\\/?s={search_term_string}\"},\"query-input\":{\"@type\":\"PropertyValueSpecification\",\"valueRequired\":true,\"valueName\":\"search_term_string\"}}],\"inLanguage\":\"hr\"},{\"@type\":\"Organization\",\"@id\":\"https:\\\/\\\/pfc.hr\\\/hr\\\/#organization\",\"name\":\"Pico Flow Controls\",\"url\":\"https:\\\/\\\/pfc.hr\\\/hr\\\/\",\"logo\":{\"@type\":\"ImageObject\",\"inLanguage\":\"hr\",\"@id\":\"https:\\\/\\\/pfc.hr\\\/hr\\\/#\\\/schema\\\/logo\\\/image\\\/\",\"url\":\"https:\\\/\\\/pfc.hr\\\/wp-content\\\/uploads\\\/2024\\\/10\\\/PFC_Main_Logo.png\",\"contentUrl\":\"https:\\\/\\\/pfc.hr\\\/wp-content\\\/uploads\\\/2024\\\/10\\\/PFC_Main_Logo.png\",\"width\":3920,\"height\":1140,\"caption\":\"Pico Flow Controls\"},\"image\":{\"@id\":\"https:\\\/\\\/pfc.hr\\\/hr\\\/#\\\/schema\\\/logo\\\/image\\\/\"}},{\"@type\":\"Person\",\"@id\":\"https:\\\/\\\/pfc.hr\\\/hr\\\/#\\\/schema\\\/person\\\/a3639941e0d68d67bf142a564e3315fb\",\"name\":\"monozinic\",\"image\":{\"@type\":\"ImageObject\",\"inLanguage\":\"hr\",\"@id\":\"https:\\\/\\\/secure.gravatar.com\\\/avatar\\\/11237ed603a51f3247970de2799bc59663c19e1f53cfbdfdad9f92731b7d4cf4?s=96&d=mm&r=g\",\"url\":\"https:\\\/\\\/secure.gravatar.com\\\/avatar\\\/11237ed603a51f3247970de2799bc59663c19e1f53cfbdfdad9f92731b7d4cf4?s=96&d=mm&r=g\",\"contentUrl\":\"https:\\\/\\\/secure.gravatar.com\\\/avatar\\\/11237ed603a51f3247970de2799bc59663c19e1f53cfbdfdad9f92731b7d4cf4?s=96&d=mm&r=g\",\"caption\":\"monozinic\"},\"url\":\"https:\\\/\\\/pfc.hr\\\/hr\\\/author\\\/monozinic\\\/\"}]}<\/script>\n<!-- \/ Yoast SEO plugin. -->","yoast_head_json":{"title":"Pridru\u017eite nam se na vode\u0107oj europskoj konferenciji PTC Berlin 2024 - PFC","description":"Vode\u0107a europska konferencija o tehnologiji cjevovoda, PTC Berlin, odr\u017eava se u kongresnom centru Estrel od 9. do 11. travnja 2024. godine.","robots":{"index":"index","follow":"follow","max-snippet":"max-snippet:-1","max-image-preview":"max-image-preview:large","max-video-preview":"max-video-preview:-1"},"canonical":"https:\/\/pfc.hr\/hr\/pridruzite-nam-se-na-vodecoj-europskoj-konferenciji-ptc-berlin-2024\/","og_locale":"hr_HR","og_type":"article","og_title":"Pridru\u017eite nam se na vode\u0107oj europskoj konferenciji PTC Berlin 2024 - PFC","og_description":"Vode\u0107a europska konferencija o tehnologiji cjevovoda, PTC Berlin, odr\u017eava se u kongresnom centru Estrel od 9. do 11. travnja 2024. godine.","og_url":"https:\/\/pfc.hr\/hr\/pridruzite-nam-se-na-vodecoj-europskoj-konferenciji-ptc-berlin-2024\/","og_site_name":"PFC","article_published_time":"2024-03-27T10:34:15+00:00","article_modified_time":"2025-05-16T09:12:02+00:00","og_image":[{"width":1200,"height":800,"url":"https:\/\/pfc.hr\/wp-content\/uploads\/2024\/03\/PFC_Meet-Us-at-PTC-Berlin-2024-Leading-European-Pipeline-Technology-Conference.jpg","type":"image\/jpeg"}],"author":"monozinic","twitter_card":"summary_large_image","twitter_misc":{"Napisao\/la":"monozinic","Procijenjeno vrijeme \u010ditanja":"2 minute"},"schema":{"@context":"https:\/\/schema.org","@graph":[{"@type":"Article","@id":"https:\/\/pfc.hr\/hr\/pridruzite-nam-se-na-vodecoj-europskoj-konferenciji-ptc-berlin-2024\/#article","isPartOf":{"@id":"https:\/\/pfc.hr\/hr\/pridruzite-nam-se-na-vodecoj-europskoj-konferenciji-ptc-berlin-2024\/"},"author":{"name":"monozinic","@id":"https:\/\/pfc.hr\/hr\/#\/schema\/person\/a3639941e0d68d67bf142a564e3315fb"},"headline":"Pridru\u017eite nam se na vode\u0107oj europskoj konferenciji PTC Berlin 2024","datePublished":"2024-03-27T10:34:15+00:00","dateModified":"2025-05-16T09:12:02+00:00","mainEntityOfPage":{"@id":"https:\/\/pfc.hr\/hr\/pridruzite-nam-se-na-vodecoj-europskoj-konferenciji-ptc-berlin-2024\/"},"wordCount":408,"publisher":{"@id":"https:\/\/pfc.hr\/hr\/#organization"},"image":{"@id":"https:\/\/pfc.hr\/hr\/pridruzite-nam-se-na-vodecoj-europskoj-konferenciji-ptc-berlin-2024\/#primaryimage"},"thumbnailUrl":"https:\/\/pfc.hr\/wp-content\/uploads\/2024\/03\/PFC_Meet-Us-at-PTC-Berlin-2024-Leading-European-Pipeline-Technology-Conference.jpg","articleSection":["Doga\u0111aji"],"inLanguage":"hr"},{"@type":"WebPage","@id":"https:\/\/pfc.hr\/hr\/pridruzite-nam-se-na-vodecoj-europskoj-konferenciji-ptc-berlin-2024\/","url":"https:\/\/pfc.hr\/hr\/pridruzite-nam-se-na-vodecoj-europskoj-konferenciji-ptc-berlin-2024\/","name":"Pridru\u017eite nam se na vode\u0107oj europskoj konferenciji PTC Berlin 2024 - PFC","isPartOf":{"@id":"https:\/\/pfc.hr\/hr\/#website"},"primaryImageOfPage":{"@id":"https:\/\/pfc.hr\/hr\/pridruzite-nam-se-na-vodecoj-europskoj-konferenciji-ptc-berlin-2024\/#primaryimage"},"image":{"@id":"https:\/\/pfc.hr\/hr\/pridruzite-nam-se-na-vodecoj-europskoj-konferenciji-ptc-berlin-2024\/#primaryimage"},"thumbnailUrl":"https:\/\/pfc.hr\/wp-content\/uploads\/2024\/03\/PFC_Meet-Us-at-PTC-Berlin-2024-Leading-European-Pipeline-Technology-Conference.jpg","datePublished":"2024-03-27T10:34:15+00:00","dateModified":"2025-05-16T09:12:02+00:00","description":"Vode\u0107a europska konferencija o tehnologiji cjevovoda, PTC Berlin, odr\u017eava se u kongresnom centru Estrel od 9. do 11. travnja 2024. godine.","breadcrumb":{"@id":"https:\/\/pfc.hr\/hr\/pridruzite-nam-se-na-vodecoj-europskoj-konferenciji-ptc-berlin-2024\/#breadcrumb"},"inLanguage":"hr","potentialAction":[{"@type":"ReadAction","target":["https:\/\/pfc.hr\/hr\/pridruzite-nam-se-na-vodecoj-europskoj-konferenciji-ptc-berlin-2024\/"]}]},{"@type":"ImageObject","inLanguage":"hr","@id":"https:\/\/pfc.hr\/hr\/pridruzite-nam-se-na-vodecoj-europskoj-konferenciji-ptc-berlin-2024\/#primaryimage","url":"https:\/\/pfc.hr\/wp-content\/uploads\/2024\/03\/PFC_Meet-Us-at-PTC-Berlin-2024-Leading-European-Pipeline-Technology-Conference.jpg","contentUrl":"https:\/\/pfc.hr\/wp-content\/uploads\/2024\/03\/PFC_Meet-Us-at-PTC-Berlin-2024-Leading-European-Pipeline-Technology-Conference.jpg","width":1200,"height":800,"caption":"ptc berlin"},{"@type":"BreadcrumbList","@id":"https:\/\/pfc.hr\/hr\/pridruzite-nam-se-na-vodecoj-europskoj-konferenciji-ptc-berlin-2024\/#breadcrumb","itemListElement":[{"@type":"ListItem","position":1,"name":"Home","item":"https:\/\/pfc.hr\/hr\/pico-flow-controls\/"},{"@type":"ListItem","position":2,"name":"Pridru\u017eite nam se na vode\u0107oj europskoj konferenciji PTC Berlin 2024"}]},{"@type":"WebSite","@id":"https:\/\/pfc.hr\/hr\/#website","url":"https:\/\/pfc.hr\/hr\/","name":"PFC","description":"","publisher":{"@id":"https:\/\/pfc.hr\/hr\/#organization"},"potentialAction":[{"@type":"SearchAction","target":{"@type":"EntryPoint","urlTemplate":"https:\/\/pfc.hr\/hr\/?s={search_term_string}"},"query-input":{"@type":"PropertyValueSpecification","valueRequired":true,"valueName":"search_term_string"}}],"inLanguage":"hr"},{"@type":"Organization","@id":"https:\/\/pfc.hr\/hr\/#organization","name":"Pico Flow Controls","url":"https:\/\/pfc.hr\/hr\/","logo":{"@type":"ImageObject","inLanguage":"hr","@id":"https:\/\/pfc.hr\/hr\/#\/schema\/logo\/image\/","url":"https:\/\/pfc.hr\/wp-content\/uploads\/2024\/10\/PFC_Main_Logo.png","contentUrl":"https:\/\/pfc.hr\/wp-content\/uploads\/2024\/10\/PFC_Main_Logo.png","width":3920,"height":1140,"caption":"Pico Flow Controls"},"image":{"@id":"https:\/\/pfc.hr\/hr\/#\/schema\/logo\/image\/"}},{"@type":"Person","@id":"https:\/\/pfc.hr\/hr\/#\/schema\/person\/a3639941e0d68d67bf142a564e3315fb","name":"monozinic","image":{"@type":"ImageObject","inLanguage":"hr","@id":"https:\/\/secure.gravatar.com\/avatar\/11237ed603a51f3247970de2799bc59663c19e1f53cfbdfdad9f92731b7d4cf4?s=96&d=mm&r=g","url":"https:\/\/secure.gravatar.com\/avatar\/11237ed603a51f3247970de2799bc59663c19e1f53cfbdfdad9f92731b7d4cf4?s=96&d=mm&r=g","contentUrl":"https:\/\/secure.gravatar.com\/avatar\/11237ed603a51f3247970de2799bc59663c19e1f53cfbdfdad9f92731b7d4cf4?s=96&d=mm&r=g","caption":"monozinic"},"url":"https:\/\/pfc.hr\/hr\/author\/monozinic\/"}]}},"_links":{"self":[{"href":"https:\/\/pfc.hr\/hr\/wp-json\/wp\/v2\/posts\/13135","targetHints":{"allow":["GET"]}}],"collection":[{"href":"https:\/\/pfc.hr\/hr\/wp-json\/wp\/v2\/posts"}],"about":[{"href":"https:\/\/pfc.hr\/hr\/wp-json\/wp\/v2\/types\/post"}],"author":[{"embeddable":true,"href":"https:\/\/pfc.hr\/hr\/wp-json\/wp\/v2\/users\/3"}],"replies":[{"embeddable":true,"href":"https:\/\/pfc.hr\/hr\/wp-json\/wp\/v2\/comments?post=13135"}],"version-history":[{"count":2,"href":"https:\/\/pfc.hr\/hr\/wp-json\/wp\/v2\/posts\/13135\/revisions"}],"predecessor-version":[{"id":17994,"href":"https:\/\/pfc.hr\/hr\/wp-json\/wp\/v2\/posts\/13135\/revisions\/17994"}],"wp:featuredmedia":[{"embeddable":true,"href":"https:\/\/pfc.hr\/hr\/wp-json\/wp\/v2\/media\/17991"}],"wp:attachment":[{"href":"https:\/\/pfc.hr\/hr\/wp-json\/wp\/v2\/media?parent=13135"}],"wp:term":[{"taxonomy":"category","embeddable":true,"href":"https:\/\/pfc.hr\/hr\/wp-json\/wp\/v2\/categories?post=13135"},{"taxonomy":"post_tag","embeddable":true,"href":"https:\/\/pfc.hr\/hr\/wp-json\/wp\/v2\/tags?post=13135"}],"curies":[{"name":"wp","href":"https:\/\/api.w.org\/{rel}","templated":true}]}}