
{"id":10780,"date":"2022-03-01T14:50:04","date_gmt":"2022-03-01T13:50:04","guid":{"rendered":"https:\/\/feromihin.hr\/meet-us-at-the-17th-pipeline-technology-conference\/"},"modified":"2025-05-23T17:08:47","modified_gmt":"2025-05-23T15:08:47","slug":"cekamo-vas-na-ptc-konferenciji-u-berlinu","status":"publish","type":"post","link":"https:\/\/pfc.hr\/hr\/cekamo-vas-na-ptc-konferenciji-u-berlinu\/","title":{"rendered":"\u010cekamo vas na PTC konferenciji u Berlinu"},"content":{"rendered":"<p>Vode\u0107a <strong>europska konferencija i me\u0111unarodni sajam posve\u0107en industriji produktovoda<\/strong> (<a href=\"https:\/\/www.pipeline-conference.com\/\" target=\"_blank\" rel=\"noopener\">PTC<\/a>) ponovno \u0107e se odr\u017eati u Berlinu od 7. do 10. o\u017eujka 2022.<\/p>\n<p>Feromihin d.o.o. \u0107e biti dio vode\u0107e europske konferencije koja \u0107e se odr\u017eati u Estrel Convention Center, Berlin, Njema\u010dka.<br \/>\nJedinstveno okupljanje stru\u010dnjaka za produktovode iz cijelog svijeta stvorit \u0107e mno\u0161tvo sinergije i nadalje razmjenu iskustava preko granica i transportiranih medija.<\/p>\n<p>Operateri cjevovoda i distribucijskih mre\u017ea iz cijelog svijeta ponovno \u0107e sudjelovati na ptc-u kako bi saznali vi\u0161e o aktualnim zbivanjima u industriji i razmijenili iskustva s drugim operaterima.<\/p>\n<p>Veselimo se vidjeti vas u uobi\u010dajenom ambijentu u Berlinu, razmijeniti poslovne kontakte i razgovarati o novim tehnologijama, trenutnim izazovima i perspektivama za budu\u0107nost.<\/p>\n\t<div class=\"img has-hover x md-x lg-x y md-y lg-y\" id=\"image_1400905596\">\n\t\t\t\t\t\t\t\t<div class=\"img-inner dark\" >\n\t\t\t<img loading=\"lazy\" decoding=\"async\" width=\"452\" height=\"123\" src=\"https:\/\/pfc.hr\/wp-content\/uploads\/2022\/03\/PFC_PTC.jpg\" class=\"attachment-original size-original\" alt=\"17th pipeline technology conference in berlin\" \/>\t\t\t\t\t\t\n\t\t\t\t\t<\/div>\n\t\t\t\t\t\t\t\t\n<style>\n#image_1400905596 {\n  width: 50%;\n}\n<\/style>\n\t<\/div>\n\t\n","protected":false},"excerpt":{"rendered":"<p>Vode\u0107a europska konferencija i me\u0111unarodni sajam posve\u0107en industriji produktovoda (PTC) ponovno \u0107e se odr\u017eati u Berlinu od 7. do 10. o\u017eujka 2022. Feromihin d.o.o. \u0107e biti dio vode\u0107e europske konferencije koja \u0107e se odr\u017eati u Estrel Convention Center, Berlin, Njema\u010dka. Jedinstveno okupljanje stru\u010dnjaka za produktovode iz cijelog svijeta stvorit \u0107e mno\u0161tvo sinergije i nadalje razmjenu [&#8230;]\n","protected":false},"author":3,"featured_media":10773,"comment_status":"closed","ping_status":"closed","sticky":false,"template":"","format":"standard","meta":{"footnotes":""},"categories":[43],"tags":[],"class_list":["post-10780","post","type-post","status-publish","format-standard","has-post-thumbnail","hentry","category-dogadaji"],"yoast_head":"<!-- This site is optimized with the Yoast SEO plugin v27.3 - https:\/\/yoast.com\/product\/yoast-seo-wordpress\/ -->\n<title>\u010cekamo vas na PTC konferenciji u Berlinu - PFC<\/title>\n<meta name=\"description\" content=\"Vode\u0107a europska konferencija i me\u0111unarodni sajam posve\u0107en industriji produktovoda (PTC) odr\u017eava se u Berlinu od 7. do 10. o\u017eujka 2022.\" \/>\n<meta name=\"robots\" content=\"index, follow, max-snippet:-1, max-image-preview:large, max-video-preview:-1\" \/>\n<link rel=\"canonical\" href=\"https:\/\/pfc.hr\/hr\/cekamo-vas-na-ptc-konferenciji-u-berlinu\/\" \/>\n<meta property=\"og:locale\" content=\"hr_HR\" \/>\n<meta property=\"og:type\" content=\"article\" \/>\n<meta property=\"og:title\" content=\"\u010cekamo vas na PTC konferenciji u Berlinu - PFC\" \/>\n<meta property=\"og:description\" content=\"Vode\u0107a europska konferencija i me\u0111unarodni sajam posve\u0107en industriji produktovoda (PTC) odr\u017eava se u Berlinu od 7. do 10. o\u017eujka 2022.\" \/>\n<meta property=\"og:url\" content=\"https:\/\/pfc.hr\/hr\/cekamo-vas-na-ptc-konferenciji-u-berlinu\/\" \/>\n<meta property=\"og:site_name\" content=\"PFC\" \/>\n<meta property=\"article:published_time\" content=\"2022-03-01T13:50:04+00:00\" \/>\n<meta property=\"article:modified_time\" content=\"2025-05-23T15:08:47+00:00\" \/>\n<meta property=\"og:image\" content=\"https:\/\/pfc.hr\/wp-content\/uploads\/2022\/03\/ptc_2019_exhibition.jpg\" \/>\n\t<meta property=\"og:image:width\" content=\"1600\" \/>\n\t<meta property=\"og:image:height\" content=\"1067\" \/>\n\t<meta property=\"og:image:type\" content=\"image\/jpeg\" \/>\n<meta name=\"author\" content=\"monozinic\" \/>\n<meta name=\"twitter:card\" content=\"summary_large_image\" \/>\n<meta name=\"twitter:label1\" content=\"Napisao\/la\" \/>\n\t<meta name=\"twitter:data1\" content=\"monozinic\" \/>\n\t<meta name=\"twitter:label2\" content=\"Procijenjeno vrijeme \u010ditanja\" \/>\n\t<meta name=\"twitter:data2\" content=\"1 minuta\" \/>\n<script type=\"application\/ld+json\" class=\"yoast-schema-graph\">{\"@context\":\"https:\\\/\\\/schema.org\",\"@graph\":[{\"@type\":\"Article\",\"@id\":\"https:\\\/\\\/pfc.hr\\\/hr\\\/cekamo-vas-na-ptc-konferenciji-u-berlinu\\\/#article\",\"isPartOf\":{\"@id\":\"https:\\\/\\\/pfc.hr\\\/hr\\\/cekamo-vas-na-ptc-konferenciji-u-berlinu\\\/\"},\"author\":{\"name\":\"monozinic\",\"@id\":\"https:\\\/\\\/pfc.hr\\\/hr\\\/#\\\/schema\\\/person\\\/a3639941e0d68d67bf142a564e3315fb\"},\"headline\":\"\u010cekamo vas na PTC konferenciji u Berlinu\",\"datePublished\":\"2022-03-01T13:50:04+00:00\",\"dateModified\":\"2025-05-23T15:08:47+00:00\",\"mainEntityOfPage\":{\"@id\":\"https:\\\/\\\/pfc.hr\\\/hr\\\/cekamo-vas-na-ptc-konferenciji-u-berlinu\\\/\"},\"wordCount\":139,\"publisher\":{\"@id\":\"https:\\\/\\\/pfc.hr\\\/hr\\\/#organization\"},\"image\":{\"@id\":\"https:\\\/\\\/pfc.hr\\\/hr\\\/cekamo-vas-na-ptc-konferenciji-u-berlinu\\\/#primaryimage\"},\"thumbnailUrl\":\"https:\\\/\\\/pfc.hr\\\/wp-content\\\/uploads\\\/2022\\\/03\\\/ptc_2019_exhibition.jpg\",\"articleSection\":[\"Doga\u0111aji\"],\"inLanguage\":\"hr\"},{\"@type\":\"WebPage\",\"@id\":\"https:\\\/\\\/pfc.hr\\\/hr\\\/cekamo-vas-na-ptc-konferenciji-u-berlinu\\\/\",\"url\":\"https:\\\/\\\/pfc.hr\\\/hr\\\/cekamo-vas-na-ptc-konferenciji-u-berlinu\\\/\",\"name\":\"\u010cekamo vas na PTC konferenciji u Berlinu - PFC\",\"isPartOf\":{\"@id\":\"https:\\\/\\\/pfc.hr\\\/hr\\\/#website\"},\"primaryImageOfPage\":{\"@id\":\"https:\\\/\\\/pfc.hr\\\/hr\\\/cekamo-vas-na-ptc-konferenciji-u-berlinu\\\/#primaryimage\"},\"image\":{\"@id\":\"https:\\\/\\\/pfc.hr\\\/hr\\\/cekamo-vas-na-ptc-konferenciji-u-berlinu\\\/#primaryimage\"},\"thumbnailUrl\":\"https:\\\/\\\/pfc.hr\\\/wp-content\\\/uploads\\\/2022\\\/03\\\/ptc_2019_exhibition.jpg\",\"datePublished\":\"2022-03-01T13:50:04+00:00\",\"dateModified\":\"2025-05-23T15:08:47+00:00\",\"description\":\"Vode\u0107a europska konferencija i me\u0111unarodni sajam posve\u0107en industriji produktovoda (PTC) odr\u017eava se u Berlinu od 7. do 10. o\u017eujka 2022.\",\"breadcrumb\":{\"@id\":\"https:\\\/\\\/pfc.hr\\\/hr\\\/cekamo-vas-na-ptc-konferenciji-u-berlinu\\\/#breadcrumb\"},\"inLanguage\":\"hr\",\"potentialAction\":[{\"@type\":\"ReadAction\",\"target\":[\"https:\\\/\\\/pfc.hr\\\/hr\\\/cekamo-vas-na-ptc-konferenciji-u-berlinu\\\/\"]}]},{\"@type\":\"ImageObject\",\"inLanguage\":\"hr\",\"@id\":\"https:\\\/\\\/pfc.hr\\\/hr\\\/cekamo-vas-na-ptc-konferenciji-u-berlinu\\\/#primaryimage\",\"url\":\"https:\\\/\\\/pfc.hr\\\/wp-content\\\/uploads\\\/2022\\\/03\\\/ptc_2019_exhibition.jpg\",\"contentUrl\":\"https:\\\/\\\/pfc.hr\\\/wp-content\\\/uploads\\\/2022\\\/03\\\/ptc_2019_exhibition.jpg\",\"width\":1600,\"height\":1067,\"caption\":\"PTC konferencija u Berlinu\"},{\"@type\":\"BreadcrumbList\",\"@id\":\"https:\\\/\\\/pfc.hr\\\/hr\\\/cekamo-vas-na-ptc-konferenciji-u-berlinu\\\/#breadcrumb\",\"itemListElement\":[{\"@type\":\"ListItem\",\"position\":1,\"name\":\"Home\",\"item\":\"https:\\\/\\\/pfc.hr\\\/hr\\\/pico-flow-controls\\\/\"},{\"@type\":\"ListItem\",\"position\":2,\"name\":\"\u010cekamo vas na PTC konferenciji u Berlinu\"}]},{\"@type\":\"WebSite\",\"@id\":\"https:\\\/\\\/pfc.hr\\\/hr\\\/#website\",\"url\":\"https:\\\/\\\/pfc.hr\\\/hr\\\/\",\"name\":\"PFC\",\"description\":\"\",\"publisher\":{\"@id\":\"https:\\\/\\\/pfc.hr\\\/hr\\\/#organization\"},\"potentialAction\":[{\"@type\":\"SearchAction\",\"target\":{\"@type\":\"EntryPoint\",\"urlTemplate\":\"https:\\\/\\\/pfc.hr\\\/hr\\\/?s={search_term_string}\"},\"query-input\":{\"@type\":\"PropertyValueSpecification\",\"valueRequired\":true,\"valueName\":\"search_term_string\"}}],\"inLanguage\":\"hr\"},{\"@type\":\"Organization\",\"@id\":\"https:\\\/\\\/pfc.hr\\\/hr\\\/#organization\",\"name\":\"Pico Flow Controls\",\"url\":\"https:\\\/\\\/pfc.hr\\\/hr\\\/\",\"logo\":{\"@type\":\"ImageObject\",\"inLanguage\":\"hr\",\"@id\":\"https:\\\/\\\/pfc.hr\\\/hr\\\/#\\\/schema\\\/logo\\\/image\\\/\",\"url\":\"https:\\\/\\\/pfc.hr\\\/wp-content\\\/uploads\\\/2024\\\/10\\\/PFC_Main_Logo.png\",\"contentUrl\":\"https:\\\/\\\/pfc.hr\\\/wp-content\\\/uploads\\\/2024\\\/10\\\/PFC_Main_Logo.png\",\"width\":3920,\"height\":1140,\"caption\":\"Pico Flow Controls\"},\"image\":{\"@id\":\"https:\\\/\\\/pfc.hr\\\/hr\\\/#\\\/schema\\\/logo\\\/image\\\/\"}},{\"@type\":\"Person\",\"@id\":\"https:\\\/\\\/pfc.hr\\\/hr\\\/#\\\/schema\\\/person\\\/a3639941e0d68d67bf142a564e3315fb\",\"name\":\"monozinic\",\"image\":{\"@type\":\"ImageObject\",\"inLanguage\":\"hr\",\"@id\":\"https:\\\/\\\/secure.gravatar.com\\\/avatar\\\/11237ed603a51f3247970de2799bc59663c19e1f53cfbdfdad9f92731b7d4cf4?s=96&d=mm&r=g\",\"url\":\"https:\\\/\\\/secure.gravatar.com\\\/avatar\\\/11237ed603a51f3247970de2799bc59663c19e1f53cfbdfdad9f92731b7d4cf4?s=96&d=mm&r=g\",\"contentUrl\":\"https:\\\/\\\/secure.gravatar.com\\\/avatar\\\/11237ed603a51f3247970de2799bc59663c19e1f53cfbdfdad9f92731b7d4cf4?s=96&d=mm&r=g\",\"caption\":\"monozinic\"},\"url\":\"https:\\\/\\\/pfc.hr\\\/hr\\\/author\\\/monozinic\\\/\"}]}<\/script>\n<!-- \/ Yoast SEO plugin. -->","yoast_head_json":{"title":"\u010cekamo vas na PTC konferenciji u Berlinu - PFC","description":"Vode\u0107a europska konferencija i me\u0111unarodni sajam posve\u0107en industriji produktovoda (PTC) odr\u017eava se u Berlinu od 7. do 10. o\u017eujka 2022.","robots":{"index":"index","follow":"follow","max-snippet":"max-snippet:-1","max-image-preview":"max-image-preview:large","max-video-preview":"max-video-preview:-1"},"canonical":"https:\/\/pfc.hr\/hr\/cekamo-vas-na-ptc-konferenciji-u-berlinu\/","og_locale":"hr_HR","og_type":"article","og_title":"\u010cekamo vas na PTC konferenciji u Berlinu - PFC","og_description":"Vode\u0107a europska konferencija i me\u0111unarodni sajam posve\u0107en industriji produktovoda (PTC) odr\u017eava se u Berlinu od 7. do 10. o\u017eujka 2022.","og_url":"https:\/\/pfc.hr\/hr\/cekamo-vas-na-ptc-konferenciji-u-berlinu\/","og_site_name":"PFC","article_published_time":"2022-03-01T13:50:04+00:00","article_modified_time":"2025-05-23T15:08:47+00:00","og_image":[{"width":1600,"height":1067,"url":"https:\/\/pfc.hr\/wp-content\/uploads\/2022\/03\/ptc_2019_exhibition.jpg","type":"image\/jpeg"}],"author":"monozinic","twitter_card":"summary_large_image","twitter_misc":{"Napisao\/la":"monozinic","Procijenjeno vrijeme \u010ditanja":"1 minuta"},"schema":{"@context":"https:\/\/schema.org","@graph":[{"@type":"Article","@id":"https:\/\/pfc.hr\/hr\/cekamo-vas-na-ptc-konferenciji-u-berlinu\/#article","isPartOf":{"@id":"https:\/\/pfc.hr\/hr\/cekamo-vas-na-ptc-konferenciji-u-berlinu\/"},"author":{"name":"monozinic","@id":"https:\/\/pfc.hr\/hr\/#\/schema\/person\/a3639941e0d68d67bf142a564e3315fb"},"headline":"\u010cekamo vas na PTC konferenciji u Berlinu","datePublished":"2022-03-01T13:50:04+00:00","dateModified":"2025-05-23T15:08:47+00:00","mainEntityOfPage":{"@id":"https:\/\/pfc.hr\/hr\/cekamo-vas-na-ptc-konferenciji-u-berlinu\/"},"wordCount":139,"publisher":{"@id":"https:\/\/pfc.hr\/hr\/#organization"},"image":{"@id":"https:\/\/pfc.hr\/hr\/cekamo-vas-na-ptc-konferenciji-u-berlinu\/#primaryimage"},"thumbnailUrl":"https:\/\/pfc.hr\/wp-content\/uploads\/2022\/03\/ptc_2019_exhibition.jpg","articleSection":["Doga\u0111aji"],"inLanguage":"hr"},{"@type":"WebPage","@id":"https:\/\/pfc.hr\/hr\/cekamo-vas-na-ptc-konferenciji-u-berlinu\/","url":"https:\/\/pfc.hr\/hr\/cekamo-vas-na-ptc-konferenciji-u-berlinu\/","name":"\u010cekamo vas na PTC konferenciji u Berlinu - PFC","isPartOf":{"@id":"https:\/\/pfc.hr\/hr\/#website"},"primaryImageOfPage":{"@id":"https:\/\/pfc.hr\/hr\/cekamo-vas-na-ptc-konferenciji-u-berlinu\/#primaryimage"},"image":{"@id":"https:\/\/pfc.hr\/hr\/cekamo-vas-na-ptc-konferenciji-u-berlinu\/#primaryimage"},"thumbnailUrl":"https:\/\/pfc.hr\/wp-content\/uploads\/2022\/03\/ptc_2019_exhibition.jpg","datePublished":"2022-03-01T13:50:04+00:00","dateModified":"2025-05-23T15:08:47+00:00","description":"Vode\u0107a europska konferencija i me\u0111unarodni sajam posve\u0107en industriji produktovoda (PTC) odr\u017eava se u Berlinu od 7. do 10. o\u017eujka 2022.","breadcrumb":{"@id":"https:\/\/pfc.hr\/hr\/cekamo-vas-na-ptc-konferenciji-u-berlinu\/#breadcrumb"},"inLanguage":"hr","potentialAction":[{"@type":"ReadAction","target":["https:\/\/pfc.hr\/hr\/cekamo-vas-na-ptc-konferenciji-u-berlinu\/"]}]},{"@type":"ImageObject","inLanguage":"hr","@id":"https:\/\/pfc.hr\/hr\/cekamo-vas-na-ptc-konferenciji-u-berlinu\/#primaryimage","url":"https:\/\/pfc.hr\/wp-content\/uploads\/2022\/03\/ptc_2019_exhibition.jpg","contentUrl":"https:\/\/pfc.hr\/wp-content\/uploads\/2022\/03\/ptc_2019_exhibition.jpg","width":1600,"height":1067,"caption":"PTC konferencija u Berlinu"},{"@type":"BreadcrumbList","@id":"https:\/\/pfc.hr\/hr\/cekamo-vas-na-ptc-konferenciji-u-berlinu\/#breadcrumb","itemListElement":[{"@type":"ListItem","position":1,"name":"Home","item":"https:\/\/pfc.hr\/hr\/pico-flow-controls\/"},{"@type":"ListItem","position":2,"name":"\u010cekamo vas na PTC konferenciji u Berlinu"}]},{"@type":"WebSite","@id":"https:\/\/pfc.hr\/hr\/#website","url":"https:\/\/pfc.hr\/hr\/","name":"PFC","description":"","publisher":{"@id":"https:\/\/pfc.hr\/hr\/#organization"},"potentialAction":[{"@type":"SearchAction","target":{"@type":"EntryPoint","urlTemplate":"https:\/\/pfc.hr\/hr\/?s={search_term_string}"},"query-input":{"@type":"PropertyValueSpecification","valueRequired":true,"valueName":"search_term_string"}}],"inLanguage":"hr"},{"@type":"Organization","@id":"https:\/\/pfc.hr\/hr\/#organization","name":"Pico Flow Controls","url":"https:\/\/pfc.hr\/hr\/","logo":{"@type":"ImageObject","inLanguage":"hr","@id":"https:\/\/pfc.hr\/hr\/#\/schema\/logo\/image\/","url":"https:\/\/pfc.hr\/wp-content\/uploads\/2024\/10\/PFC_Main_Logo.png","contentUrl":"https:\/\/pfc.hr\/wp-content\/uploads\/2024\/10\/PFC_Main_Logo.png","width":3920,"height":1140,"caption":"Pico Flow Controls"},"image":{"@id":"https:\/\/pfc.hr\/hr\/#\/schema\/logo\/image\/"}},{"@type":"Person","@id":"https:\/\/pfc.hr\/hr\/#\/schema\/person\/a3639941e0d68d67bf142a564e3315fb","name":"monozinic","image":{"@type":"ImageObject","inLanguage":"hr","@id":"https:\/\/secure.gravatar.com\/avatar\/11237ed603a51f3247970de2799bc59663c19e1f53cfbdfdad9f92731b7d4cf4?s=96&d=mm&r=g","url":"https:\/\/secure.gravatar.com\/avatar\/11237ed603a51f3247970de2799bc59663c19e1f53cfbdfdad9f92731b7d4cf4?s=96&d=mm&r=g","contentUrl":"https:\/\/secure.gravatar.com\/avatar\/11237ed603a51f3247970de2799bc59663c19e1f53cfbdfdad9f92731b7d4cf4?s=96&d=mm&r=g","caption":"monozinic"},"url":"https:\/\/pfc.hr\/hr\/author\/monozinic\/"}]}},"_links":{"self":[{"href":"https:\/\/pfc.hr\/hr\/wp-json\/wp\/v2\/posts\/10780","targetHints":{"allow":["GET"]}}],"collection":[{"href":"https:\/\/pfc.hr\/hr\/wp-json\/wp\/v2\/posts"}],"about":[{"href":"https:\/\/pfc.hr\/hr\/wp-json\/wp\/v2\/types\/post"}],"author":[{"embeddable":true,"href":"https:\/\/pfc.hr\/hr\/wp-json\/wp\/v2\/users\/3"}],"replies":[{"embeddable":true,"href":"https:\/\/pfc.hr\/hr\/wp-json\/wp\/v2\/comments?post=10780"}],"version-history":[{"count":2,"href":"https:\/\/pfc.hr\/hr\/wp-json\/wp\/v2\/posts\/10780\/revisions"}],"predecessor-version":[{"id":17762,"href":"https:\/\/pfc.hr\/hr\/wp-json\/wp\/v2\/posts\/10780\/revisions\/17762"}],"wp:featuredmedia":[{"embeddable":true,"href":"https:\/\/pfc.hr\/hr\/wp-json\/wp\/v2\/media\/10773"}],"wp:attachment":[{"href":"https:\/\/pfc.hr\/hr\/wp-json\/wp\/v2\/media?parent=10780"}],"wp:term":[{"taxonomy":"category","embeddable":true,"href":"https:\/\/pfc.hr\/hr\/wp-json\/wp\/v2\/categories?post=10780"},{"taxonomy":"post_tag","embeddable":true,"href":"https:\/\/pfc.hr\/hr\/wp-json\/wp\/v2\/tags?post=10780"}],"curies":[{"name":"wp","href":"https:\/\/api.w.org\/{rel}","templated":true}]}}